{"id":973,"date":"2022-09-03T09:15:29","date_gmt":"2022-09-03T07:15:29","guid":{"rendered":"https:\/\/edelweiss-education.ch\/?p=973"},"modified":"2023-09-12T10:47:26","modified_gmt":"2023-09-12T08:47:26","slug":"la-vie-etudiante-en-suisse","status":"publish","type":"post","link":"https:\/\/edelweiss-education.ch\/fr\/student-life-in-switzerland\/","title":{"rendered":"La vie \u00e9tudiante en Suisse"},"content":{"rendered":"<div data-elementor-type=\"wp-post\" data-elementor-id=\"973\" class=\"elementor elementor-973\" data-elementor-post-type=\"post\">\n\t\t\t\t\t\t<section class=\"ob-is-breaking-bad elementor-section elementor-top-section elementor-element elementor-element-3d4f555 elementor-section-boxed elementor-section-height-default elementor-section-height-default\" data-id=\"3d4f555\" data-element_type=\"section\" data-e-type=\"section\" data-settings=\"{&quot;_ob_bbad_use_it&quot;:&quot;yes&quot;,&quot;_ob_bbad_sssic_use&quot;:&quot;no&quot;,&quot;_ob_glider_is_slider&quot;:&quot;no&quot;}\">\n\t\t\t\t\t\t<div class=\"elementor-container elementor-column-gap-default\">\n\t\t\t\t\t<div class=\"elementor-column elementor-col-100 elementor-top-column elementor-element elementor-element-065d9db\" data-id=\"065d9db\" data-element_type=\"column\" data-e-type=\"column\" data-settings=\"{&quot;_ob_bbad_is_stalker&quot;:&quot;no&quot;,&quot;_ob_teleporter_use&quot;:false,&quot;_ob_column_hoveranimator&quot;:&quot;no&quot;,&quot;_ob_column_has_pseudo&quot;:&quot;no&quot;}\">\n\t\t\t<div class=\"elementor-widget-wrap elementor-element-populated\">\n\t\t\t\t\t\t<div class=\"elementor-element elementor-element-037f889 ob-has-background-overlay elementor-widget elementor-widget-spacer\" data-id=\"037f889\" data-element_type=\"widget\" data-e-type=\"widget\" data-settings=\"{&quot;_ob_spacerat_use&quot;:&quot;no&quot;,&quot;_ob_perspektive_use&quot;:&quot;no&quot;,&quot;_ob_poopart_use&quot;:&quot;yes&quot;,&quot;_ob_shadough_use&quot;:&quot;no&quot;,&quot;_ob_allow_hoveranimator&quot;:&quot;no&quot;,&quot;_ob_widget_stalker_use&quot;:&quot;no&quot;}\" data-widget_type=\"spacer.default\">\n\t\t\t\t<div class=\"elementor-widget-container\">\n\t\t\t\t\t\t\t<div class=\"elementor-spacer\">\n\t\t\t<div class=\"elementor-spacer-inner\"><\/div>\n\t\t<\/div>\n\t\t\t\t\t\t<\/div>\n\t\t\t\t<\/div>\n\t\t\t\t<div class=\"elementor-element elementor-element-013e0e7 ob-harakiri-inherit ob-has-background-overlay elementor-widget elementor-widget-text-editor\" data-id=\"013e0e7\" data-element_type=\"widget\" data-e-type=\"widget\" data-settings=\"{&quot;_ob_use_harakiri&quot;:&quot;yes&quot;,&quot;_ob_harakiri_writing_mode&quot;:&quot;inherit&quot;,&quot;_ob_postman_use&quot;:&quot;no&quot;,&quot;_ob_perspektive_use&quot;:&quot;no&quot;,&quot;_ob_poopart_use&quot;:&quot;yes&quot;,&quot;_ob_shadough_use&quot;:&quot;no&quot;,&quot;_ob_allow_hoveranimator&quot;:&quot;no&quot;,&quot;_ob_widget_stalker_use&quot;:&quot;no&quot;}\" data-widget_type=\"text-editor.default\">\n\t\t\t\t<div class=\"elementor-widget-container\">\n\t\t\t\t\t\t\t\t\t<h1>La vie \u00e9tudiante en Suisse<\/h1>\n<p><b>Suisse <\/b>n'est pas seulement r\u00e9put\u00e9e pour ses <i>une \u00e9ducation de niveau international<\/i> mais aussi pour son riche patrimoine culturel, ses paysages \u00e9poustouflants et son dynamisme. <i>\u00e9tudiant <\/i>vie. Lorsque les \u00e9tudiants internationaux choisissent la Suisse comme destination d'\u00e9tudes, ils s'embarquent pour un voyage qui offre un m\u00e9lange parfait d'excellence acad\u00e9mique et d'exp\u00e9riences m\u00e9morables. Voyons ce que la vie \u00e9tudiante en Suisse a \u00e0 offrir.<\/p>\t\t\t\t\t\t\t\t<\/div>\n\t\t\t\t<\/div>\n\t\t\t\t<div class=\"elementor-element elementor-element-af6a4e7 ob-has-background-overlay elementor-widget elementor-widget-spacer\" data-id=\"af6a4e7\" data-element_type=\"widget\" data-e-type=\"widget\" data-settings=\"{&quot;_ob_spacerat_use&quot;:&quot;no&quot;,&quot;_ob_perspektive_use&quot;:&quot;no&quot;,&quot;_ob_poopart_use&quot;:&quot;yes&quot;,&quot;_ob_shadough_use&quot;:&quot;no&quot;,&quot;_ob_allow_hoveranimator&quot;:&quot;no&quot;,&quot;_ob_widget_stalker_use&quot;:&quot;no&quot;}\" data-widget_type=\"spacer.default\">\n\t\t\t\t<div class=\"elementor-widget-container\">\n\t\t\t\t\t\t\t<div class=\"elementor-spacer\">\n\t\t\t<div class=\"elementor-spacer-inner\"><\/div>\n\t\t<\/div>\n\t\t\t\t\t\t<\/div>\n\t\t\t\t<\/div>\n\t\t\t\t\t<\/div>\n\t\t<\/div>\n\t\t\t\t\t<\/div>\n\t\t<\/section>\n\t\t\t\t<section class=\"ob-is-breaking-bad elementor-section elementor-top-section elementor-element elementor-element-169b2af elementor-section-boxed elementor-section-height-default elementor-section-height-default\" data-id=\"169b2af\" data-element_type=\"section\" data-e-type=\"section\" data-settings=\"{&quot;_ob_bbad_use_it&quot;:&quot;yes&quot;,&quot;_ob_bbad_sssic_use&quot;:&quot;no&quot;,&quot;_ob_glider_is_slider&quot;:&quot;no&quot;}\">\n\t\t\t\t\t\t<div class=\"elementor-container elementor-column-gap-default\">\n\t\t\t\t\t<div class=\"elementor-column elementor-col-50 elementor-top-column elementor-element elementor-element-50bf504\" data-id=\"50bf504\" data-element_type=\"column\" data-e-type=\"column\" data-settings=\"{&quot;_ob_bbad_is_stalker&quot;:&quot;no&quot;,&quot;_ob_teleporter_use&quot;:false,&quot;_ob_column_hoveranimator&quot;:&quot;no&quot;,&quot;_ob_column_has_pseudo&quot;:&quot;no&quot;}\">\n\t\t\t<div class=\"elementor-widget-wrap elementor-element-populated\">\n\t\t\t\t\t\t<div class=\"elementor-element elementor-element-12d8843 ob-has-background-overlay elementor-widget elementor-widget-spacer\" data-id=\"12d8843\" data-element_type=\"widget\" data-e-type=\"widget\" data-settings=\"{&quot;_ob_spacerat_use&quot;:&quot;no&quot;,&quot;_ob_perspektive_use&quot;:&quot;no&quot;,&quot;_ob_poopart_use&quot;:&quot;yes&quot;,&quot;_ob_shadough_use&quot;:&quot;no&quot;,&quot;_ob_allow_hoveranimator&quot;:&quot;no&quot;,&quot;_ob_widget_stalker_use&quot;:&quot;no&quot;}\" data-widget_type=\"spacer.default\">\n\t\t\t\t<div class=\"elementor-widget-container\">\n\t\t\t\t\t\t\t<div class=\"elementor-spacer\">\n\t\t\t<div class=\"elementor-spacer-inner\"><\/div>\n\t\t<\/div>\n\t\t\t\t\t\t<\/div>\n\t\t\t\t<\/div>\n\t\t\t\t<div class=\"elementor-element elementor-element-a9e60f3 ob-harakiri-inherit ob-has-background-overlay elementor-widget elementor-widget-text-editor\" data-id=\"a9e60f3\" data-element_type=\"widget\" data-e-type=\"widget\" data-settings=\"{&quot;_ob_use_harakiri&quot;:&quot;yes&quot;,&quot;_ob_harakiri_writing_mode&quot;:&quot;inherit&quot;,&quot;_ob_postman_use&quot;:&quot;no&quot;,&quot;_ob_perspektive_use&quot;:&quot;no&quot;,&quot;_ob_poopart_use&quot;:&quot;yes&quot;,&quot;_ob_shadough_use&quot;:&quot;no&quot;,&quot;_ob_allow_hoveranimator&quot;:&quot;no&quot;,&quot;_ob_widget_stalker_use&quot;:&quot;no&quot;}\" data-widget_type=\"text-editor.default\">\n\t\t\t\t<div class=\"elementor-widget-container\">\n\t\t\t\t\t\t\t\t\t<h2><strong>1. Environnement multiculturel :<\/strong><\/h2>\n<p><b>Suisse <\/b>est un creuset de cultures et de langues. Avec quatre langues officielles <i>Allemand<\/i>, <i>Fran\u00e7ais<\/i>, <i>Italien<\/i>et <i>Romanche <\/i>- les \u00e9tudiants ont la possibilit\u00e9 de s'immerger dans des environnements linguistiques et culturels divers. Ce projet <i>le multiculturalisme <\/i>s'\u00e9tend \u00e0 la communaut\u00e9 \u00e9tudiante, cr\u00e9ant ainsi une atmosph\u00e8re inclusive et consciente des enjeux mondiaux.<\/p>\t\t\t\t\t\t\t\t<\/div>\n\t\t\t\t<\/div>\n\t\t\t\t\t<\/div>\n\t\t<\/div>\n\t\t\t\t<div class=\"elementor-column elementor-col-50 elementor-top-column elementor-element elementor-element-e03eb19\" data-id=\"e03eb19\" data-element_type=\"column\" data-e-type=\"column\" data-settings=\"{&quot;_ob_bbad_is_stalker&quot;:&quot;no&quot;,&quot;_ob_teleporter_use&quot;:false,&quot;_ob_column_hoveranimator&quot;:&quot;no&quot;,&quot;_ob_column_has_pseudo&quot;:&quot;no&quot;}\">\n\t\t\t<div class=\"elementor-widget-wrap elementor-element-populated\">\n\t\t\t\t\t\t<div class=\"elementor-element elementor-element-964f8f8 ob-has-background-overlay elementor-widget elementor-widget-image\" data-id=\"964f8f8\" data-element_type=\"widget\" data-e-type=\"widget\" data-settings=\"{&quot;_ob_photomorph_use&quot;:&quot;no&quot;,&quot;_ob_perspektive_use&quot;:&quot;no&quot;,&quot;_ob_poopart_use&quot;:&quot;yes&quot;,&quot;_ob_shadough_use&quot;:&quot;no&quot;,&quot;_ob_allow_hoveranimator&quot;:&quot;no&quot;,&quot;_ob_widget_stalker_use&quot;:&quot;no&quot;}\" data-widget_type=\"image.default\">\n\t\t\t\t<div class=\"elementor-widget-container\">\n\t\t\t\t\t\t\t\t\t\t\t\t\t\t\t<img fetchpriority=\"high\" decoding=\"async\" width=\"1024\" height=\"498\" src=\"https:\/\/edelweiss-education.ch\/wp-content\/uploads\/2022\/09\/united-nations-1024x498.jpg\" class=\"attachment-large size-large wp-image-2527\" alt=\"\" srcset=\"https:\/\/edelweiss-education.ch\/wp-content\/uploads\/2022\/09\/united-nations-1024x498.jpg 1024w, https:\/\/edelweiss-education.ch\/wp-content\/uploads\/2022\/09\/united-nations-300x146.jpg 300w, https:\/\/edelweiss-education.ch\/wp-content\/uploads\/2022\/09\/united-nations-768x373.jpg 768w, https:\/\/edelweiss-education.ch\/wp-content\/uploads\/2022\/09\/united-nations-1536x747.jpg 1536w, https:\/\/edelweiss-education.ch\/wp-content\/uploads\/2022\/09\/united-nations-2048x996.jpg 2048w, https:\/\/edelweiss-education.ch\/wp-content\/uploads\/2022\/09\/united-nations-18x9.jpg 18w\" sizes=\"(max-width: 1024px) 100vw, 1024px\" \/>\t\t\t\t\t\t\t\t\t\t\t\t\t\t\t<\/div>\n\t\t\t\t<\/div>\n\t\t\t\t<div class=\"elementor-element elementor-element-25b6645 ob-has-background-overlay elementor-widget elementor-widget-spacer\" data-id=\"25b6645\" data-element_type=\"widget\" data-e-type=\"widget\" data-settings=\"{&quot;_ob_spacerat_use&quot;:&quot;no&quot;,&quot;_ob_perspektive_use&quot;:&quot;no&quot;,&quot;_ob_poopart_use&quot;:&quot;yes&quot;,&quot;_ob_shadough_use&quot;:&quot;no&quot;,&quot;_ob_allow_hoveranimator&quot;:&quot;no&quot;,&quot;_ob_widget_stalker_use&quot;:&quot;no&quot;}\" data-widget_type=\"spacer.default\">\n\t\t\t\t<div class=\"elementor-widget-container\">\n\t\t\t\t\t\t\t<div class=\"elementor-spacer\">\n\t\t\t<div class=\"elementor-spacer-inner\"><\/div>\n\t\t<\/div>\n\t\t\t\t\t\t<\/div>\n\t\t\t\t<\/div>\n\t\t\t\t\t<\/div>\n\t\t<\/div>\n\t\t\t\t\t<\/div>\n\t\t<\/section>\n\t\t\t\t<section class=\"ob-is-breaking-bad elementor-section elementor-top-section elementor-element elementor-element-a9823cc elementor-section-boxed elementor-section-height-default elementor-section-height-default\" data-id=\"a9823cc\" data-element_type=\"section\" data-e-type=\"section\" data-settings=\"{&quot;_ob_bbad_use_it&quot;:&quot;yes&quot;,&quot;_ob_bbad_sssic_use&quot;:&quot;no&quot;,&quot;_ob_glider_is_slider&quot;:&quot;no&quot;}\">\n\t\t\t\t\t\t<div class=\"elementor-container elementor-column-gap-default\">\n\t\t\t\t\t<div class=\"elementor-column elementor-col-50 elementor-top-column elementor-element elementor-element-dc42d2d\" data-id=\"dc42d2d\" data-element_type=\"column\" data-e-type=\"column\" data-settings=\"{&quot;_ob_bbad_is_stalker&quot;:&quot;no&quot;,&quot;_ob_teleporter_use&quot;:false,&quot;_ob_column_hoveranimator&quot;:&quot;no&quot;,&quot;_ob_column_has_pseudo&quot;:&quot;no&quot;}\">\n\t\t\t<div class=\"elementor-widget-wrap elementor-element-populated\">\n\t\t\t\t\t\t<div class=\"elementor-element elementor-element-52816f2 ob-has-background-overlay elementor-widget elementor-widget-image\" data-id=\"52816f2\" data-element_type=\"widget\" data-e-type=\"widget\" data-settings=\"{&quot;_ob_photomorph_use&quot;:&quot;no&quot;,&quot;_ob_perspektive_use&quot;:&quot;no&quot;,&quot;_ob_poopart_use&quot;:&quot;yes&quot;,&quot;_ob_shadough_use&quot;:&quot;no&quot;,&quot;_ob_allow_hoveranimator&quot;:&quot;no&quot;,&quot;_ob_widget_stalker_use&quot;:&quot;no&quot;}\" data-widget_type=\"image.default\">\n\t\t\t\t<div class=\"elementor-widget-container\">\n\t\t\t\t\t\t\t\t\t\t\t\t<figure class=\"wp-caption\">\n\t\t\t\t\t\t\t\t\t\t<img decoding=\"async\" width=\"1024\" height=\"683\" src=\"https:\/\/edelweiss-education.ch\/wp-content\/uploads\/2022\/09\/10-1024x683.jpg\" class=\"attachment-large size-large wp-image-2536\" alt=\"\" srcset=\"https:\/\/edelweiss-education.ch\/wp-content\/uploads\/2022\/09\/10-1024x683.jpg 1024w, https:\/\/edelweiss-education.ch\/wp-content\/uploads\/2022\/09\/10-300x200.jpg 300w, https:\/\/edelweiss-education.ch\/wp-content\/uploads\/2022\/09\/10-768x512.jpg 768w, https:\/\/edelweiss-education.ch\/wp-content\/uploads\/2022\/09\/10-1536x1024.jpg 1536w, https:\/\/edelweiss-education.ch\/wp-content\/uploads\/2022\/09\/10-2048x1365.jpg 2048w, https:\/\/edelweiss-education.ch\/wp-content\/uploads\/2022\/09\/10-18x12.jpg 18w\" sizes=\"(max-width: 1024px) 100vw, 1024px\" \/>\t\t\t\t\t\t\t\t\t\t\t<figcaption class=\"widget-image-caption wp-caption-text\">Coll\u00e8ge et Lyc\u00e9e Saint-Charles<\/figcaption>\n\t\t\t\t\t\t\t\t\t\t<\/figure>\n\t\t\t\t\t\t\t\t\t<\/div>\n\t\t\t\t<\/div>\n\t\t\t\t\t<\/div>\n\t\t<\/div>\n\t\t\t\t<div class=\"elementor-column elementor-col-50 elementor-top-column elementor-element elementor-element-0b24cd0\" data-id=\"0b24cd0\" data-element_type=\"column\" data-e-type=\"column\" data-settings=\"{&quot;_ob_bbad_is_stalker&quot;:&quot;no&quot;,&quot;_ob_teleporter_use&quot;:false,&quot;_ob_column_hoveranimator&quot;:&quot;no&quot;,&quot;_ob_column_has_pseudo&quot;:&quot;no&quot;}\">\n\t\t\t<div class=\"elementor-widget-wrap elementor-element-populated\">\n\t\t\t\t\t\t<div class=\"elementor-element elementor-element-11f0e96 ob-has-background-overlay elementor-widget elementor-widget-spacer\" data-id=\"11f0e96\" data-element_type=\"widget\" data-e-type=\"widget\" data-settings=\"{&quot;_ob_spacerat_use&quot;:&quot;no&quot;,&quot;_ob_perspektive_use&quot;:&quot;no&quot;,&quot;_ob_poopart_use&quot;:&quot;yes&quot;,&quot;_ob_shadough_use&quot;:&quot;no&quot;,&quot;_ob_allow_hoveranimator&quot;:&quot;no&quot;,&quot;_ob_widget_stalker_use&quot;:&quot;no&quot;}\" data-widget_type=\"spacer.default\">\n\t\t\t\t<div class=\"elementor-widget-container\">\n\t\t\t\t\t\t\t<div class=\"elementor-spacer\">\n\t\t\t<div class=\"elementor-spacer-inner\"><\/div>\n\t\t<\/div>\n\t\t\t\t\t\t<\/div>\n\t\t\t\t<\/div>\n\t\t\t\t<div class=\"elementor-element elementor-element-c13c5f9 ob-harakiri-inherit ob-has-background-overlay elementor-widget elementor-widget-text-editor\" data-id=\"c13c5f9\" data-element_type=\"widget\" data-e-type=\"widget\" data-settings=\"{&quot;_ob_use_harakiri&quot;:&quot;yes&quot;,&quot;_ob_harakiri_writing_mode&quot;:&quot;inherit&quot;,&quot;_ob_postman_use&quot;:&quot;no&quot;,&quot;_ob_perspektive_use&quot;:&quot;no&quot;,&quot;_ob_poopart_use&quot;:&quot;yes&quot;,&quot;_ob_shadough_use&quot;:&quot;no&quot;,&quot;_ob_allow_hoveranimator&quot;:&quot;no&quot;,&quot;_ob_widget_stalker_use&quot;:&quot;no&quot;}\" data-widget_type=\"text-editor.default\">\n\t\t\t\t<div class=\"elementor-widget-container\">\n\t\t\t\t\t\t\t\t\t<h2><strong>2. Excellence acad\u00e9mique :<\/strong><\/h2>\n<p><b>Universit\u00e9s suisses <\/b>et les \u00e9tablissements d'enseignement sup\u00e9rieur sont r\u00e9guli\u00e8rement class\u00e9s parmi les meilleurs de l'Union europ\u00e9enne. <i>institutions de premier plan <\/i>dans le monde. Les \u00e9tudiants b\u00e9n\u00e9ficient d'installations de recherche de pointe, d'un corps professoral exp\u00e9riment\u00e9 et d'un programme d'\u00e9tudes rigoureux. L'accent mis sur l'apprentissage pratique, la pens\u00e9e critique et l'innovation pr\u00e9pare les \u00e9tudiants \u00e0 une carri\u00e8re comp\u00e9titive. <b>mondial <\/b>march\u00e9 du travail.<\/p>\t\t\t\t\t\t\t\t<\/div>\n\t\t\t\t<\/div>\n\t\t\t\t\t<\/div>\n\t\t<\/div>\n\t\t\t\t\t<\/div>\n\t\t<\/section>\n\t\t\t\t<section class=\"ob-is-breaking-bad elementor-section elementor-top-section elementor-element elementor-element-4d616b1 elementor-section-boxed elementor-section-height-default elementor-section-height-default\" data-id=\"4d616b1\" data-element_type=\"section\" data-e-type=\"section\" data-settings=\"{&quot;_ob_bbad_use_it&quot;:&quot;yes&quot;,&quot;_ob_bbad_sssic_use&quot;:&quot;no&quot;,&quot;_ob_glider_is_slider&quot;:&quot;no&quot;}\">\n\t\t\t\t\t\t<div class=\"elementor-container elementor-column-gap-default\">\n\t\t\t\t\t<div class=\"elementor-column elementor-col-50 elementor-top-column elementor-element elementor-element-3e3768a\" data-id=\"3e3768a\" data-element_type=\"column\" data-e-type=\"column\" data-settings=\"{&quot;_ob_bbad_is_stalker&quot;:&quot;no&quot;,&quot;_ob_teleporter_use&quot;:false,&quot;_ob_column_hoveranimator&quot;:&quot;no&quot;,&quot;_ob_column_has_pseudo&quot;:&quot;no&quot;}\">\n\t\t\t<div class=\"elementor-widget-wrap elementor-element-populated\">\n\t\t\t\t\t\t<div class=\"elementor-element elementor-element-76f18dd ob-has-background-overlay elementor-widget elementor-widget-spacer\" data-id=\"76f18dd\" data-element_type=\"widget\" data-e-type=\"widget\" data-settings=\"{&quot;_ob_spacerat_use&quot;:&quot;no&quot;,&quot;_ob_perspektive_use&quot;:&quot;no&quot;,&quot;_ob_poopart_use&quot;:&quot;yes&quot;,&quot;_ob_shadough_use&quot;:&quot;no&quot;,&quot;_ob_allow_hoveranimator&quot;:&quot;no&quot;,&quot;_ob_widget_stalker_use&quot;:&quot;no&quot;}\" data-widget_type=\"spacer.default\">\n\t\t\t\t<div class=\"elementor-widget-container\">\n\t\t\t\t\t\t\t<div class=\"elementor-spacer\">\n\t\t\t<div class=\"elementor-spacer-inner\"><\/div>\n\t\t<\/div>\n\t\t\t\t\t\t<\/div>\n\t\t\t\t<\/div>\n\t\t\t\t<div class=\"elementor-element elementor-element-4cf21b8 ob-has-background-overlay elementor-widget elementor-widget-spacer\" data-id=\"4cf21b8\" data-element_type=\"widget\" data-e-type=\"widget\" data-settings=\"{&quot;_ob_spacerat_use&quot;:&quot;no&quot;,&quot;_ob_perspektive_use&quot;:&quot;no&quot;,&quot;_ob_poopart_use&quot;:&quot;yes&quot;,&quot;_ob_shadough_use&quot;:&quot;no&quot;,&quot;_ob_allow_hoveranimator&quot;:&quot;no&quot;,&quot;_ob_widget_stalker_use&quot;:&quot;no&quot;}\" data-widget_type=\"spacer.default\">\n\t\t\t\t<div class=\"elementor-widget-container\">\n\t\t\t\t\t\t\t<div class=\"elementor-spacer\">\n\t\t\t<div class=\"elementor-spacer-inner\"><\/div>\n\t\t<\/div>\n\t\t\t\t\t\t<\/div>\n\t\t\t\t<\/div>\n\t\t\t\t<div class=\"elementor-element elementor-element-7952ad4 ob-harakiri-inherit ob-has-background-overlay elementor-widget elementor-widget-text-editor\" data-id=\"7952ad4\" data-element_type=\"widget\" data-e-type=\"widget\" data-settings=\"{&quot;_ob_use_harakiri&quot;:&quot;yes&quot;,&quot;_ob_harakiri_writing_mode&quot;:&quot;inherit&quot;,&quot;_ob_postman_use&quot;:&quot;no&quot;,&quot;_ob_perspektive_use&quot;:&quot;no&quot;,&quot;_ob_poopart_use&quot;:&quot;yes&quot;,&quot;_ob_shadough_use&quot;:&quot;no&quot;,&quot;_ob_allow_hoveranimator&quot;:&quot;no&quot;,&quot;_ob_widget_stalker_use&quot;:&quot;no&quot;}\" data-widget_type=\"text-editor.default\">\n\t\t\t\t<div class=\"elementor-widget-container\">\n\t\t\t\t\t\t\t\t\t<h2><strong>3. Une beaut\u00e9 naturelle \u00e9poustouflante :<\/strong><\/h2>\n<p>Les paysages \u00e0 couper le souffle de la Suisse constituent une toile de fond incomparable pour la vie \u00e9tudiante. Du majestueux <b>Alpes suisses <\/b>des lacs sereins et des villages pittoresques, les \u00e9tudiants ont de nombreuses possibilit\u00e9s de pratiquer des activit\u00e9s de plein air telles que <i>randonn\u00e9e<\/i>, <i>ski<\/i>et <i>v\u00e9lo<\/i>. Cela contribue non seulement au bien-\u00eatre physique, mais favorise \u00e9galement une profonde appr\u00e9ciation de la nature.<\/p>\t\t\t\t\t\t\t\t<\/div>\n\t\t\t\t<\/div>\n\t\t\t\t\t<\/div>\n\t\t<\/div>\n\t\t\t\t<div class=\"elementor-column elementor-col-50 elementor-top-column elementor-element elementor-element-a069357\" data-id=\"a069357\" data-element_type=\"column\" data-e-type=\"column\" data-settings=\"{&quot;_ob_bbad_is_stalker&quot;:&quot;no&quot;,&quot;_ob_teleporter_use&quot;:false,&quot;_ob_column_hoveranimator&quot;:&quot;no&quot;,&quot;_ob_column_has_pseudo&quot;:&quot;no&quot;}\">\n\t\t\t<div class=\"elementor-widget-wrap elementor-element-populated\">\n\t\t\t\t\t\t<div class=\"elementor-element elementor-element-2a333e8 ob-has-background-overlay elementor-widget elementor-widget-spacer\" data-id=\"2a333e8\" data-element_type=\"widget\" data-e-type=\"widget\" data-settings=\"{&quot;_ob_spacerat_use&quot;:&quot;no&quot;,&quot;_ob_perspektive_use&quot;:&quot;no&quot;,&quot;_ob_poopart_use&quot;:&quot;yes&quot;,&quot;_ob_shadough_use&quot;:&quot;no&quot;,&quot;_ob_allow_hoveranimator&quot;:&quot;no&quot;,&quot;_ob_widget_stalker_use&quot;:&quot;no&quot;}\" data-widget_type=\"spacer.default\">\n\t\t\t\t<div class=\"elementor-widget-container\">\n\t\t\t\t\t\t\t<div class=\"elementor-spacer\">\n\t\t\t<div class=\"elementor-spacer-inner\"><\/div>\n\t\t<\/div>\n\t\t\t\t\t\t<\/div>\n\t\t\t\t<\/div>\n\t\t\t\t<div class=\"elementor-element elementor-element-cbe3dd8 ob-has-background-overlay elementor-widget elementor-widget-image\" data-id=\"cbe3dd8\" data-element_type=\"widget\" data-e-type=\"widget\" data-settings=\"{&quot;_ob_photomorph_use&quot;:&quot;no&quot;,&quot;_ob_perspektive_use&quot;:&quot;no&quot;,&quot;_ob_poopart_use&quot;:&quot;yes&quot;,&quot;_ob_shadough_use&quot;:&quot;no&quot;,&quot;_ob_allow_hoveranimator&quot;:&quot;no&quot;,&quot;_ob_widget_stalker_use&quot;:&quot;no&quot;}\" data-widget_type=\"image.default\">\n\t\t\t\t<div class=\"elementor-widget-container\">\n\t\t\t\t\t\t\t\t\t\t\t\t\t\t\t<img decoding=\"async\" width=\"1024\" height=\"683\" src=\"https:\/\/edelweiss-education.ch\/wp-content\/uploads\/2022\/09\/Lucerne-Switzerland-1200x800.jpg-1024x683.webp\" class=\"attachment-large size-large wp-image-2529\" alt=\"\" srcset=\"https:\/\/edelweiss-education.ch\/wp-content\/uploads\/2022\/09\/Lucerne-Switzerland-1200x800.jpg-1024x683.webp 1024w, https:\/\/edelweiss-education.ch\/wp-content\/uploads\/2022\/09\/Lucerne-Switzerland-1200x800.jpg-300x200.webp 300w, https:\/\/edelweiss-education.ch\/wp-content\/uploads\/2022\/09\/Lucerne-Switzerland-1200x800.jpg-768x512.webp 768w, https:\/\/edelweiss-education.ch\/wp-content\/uploads\/2022\/09\/Lucerne-Switzerland-1200x800.jpg-18x12.webp 18w, https:\/\/edelweiss-education.ch\/wp-content\/uploads\/2022\/09\/Lucerne-Switzerland-1200x800.jpg.webp 1200w\" sizes=\"(max-width: 1024px) 100vw, 1024px\" \/>\t\t\t\t\t\t\t\t\t\t\t\t\t\t\t<\/div>\n\t\t\t\t<\/div>\n\t\t\t\t\t<\/div>\n\t\t<\/div>\n\t\t\t\t\t<\/div>\n\t\t<\/section>\n\t\t\t\t<section class=\"ob-is-breaking-bad elementor-section elementor-top-section elementor-element elementor-element-fb7d981 elementor-section-boxed elementor-section-height-default elementor-section-height-default\" data-id=\"fb7d981\" data-element_type=\"section\" data-e-type=\"section\" data-settings=\"{&quot;_ob_bbad_use_it&quot;:&quot;yes&quot;,&quot;_ob_bbad_sssic_use&quot;:&quot;no&quot;,&quot;_ob_glider_is_slider&quot;:&quot;no&quot;}\">\n\t\t\t\t\t\t<div class=\"elementor-container elementor-column-gap-default\">\n\t\t\t\t\t<div class=\"elementor-column elementor-col-50 elementor-top-column elementor-element elementor-element-8165dfc\" data-id=\"8165dfc\" data-element_type=\"column\" data-e-type=\"column\" data-settings=\"{&quot;_ob_bbad_is_stalker&quot;:&quot;no&quot;,&quot;_ob_teleporter_use&quot;:false,&quot;_ob_column_hoveranimator&quot;:&quot;no&quot;,&quot;_ob_column_has_pseudo&quot;:&quot;no&quot;}\">\n\t\t\t<div class=\"elementor-widget-wrap elementor-element-populated\">\n\t\t\t\t\t\t<div class=\"elementor-element elementor-element-1a2bd7d ob-has-background-overlay elementor-widget elementor-widget-spacer\" data-id=\"1a2bd7d\" data-element_type=\"widget\" data-e-type=\"widget\" data-settings=\"{&quot;_ob_spacerat_use&quot;:&quot;no&quot;,&quot;_ob_perspektive_use&quot;:&quot;no&quot;,&quot;_ob_poopart_use&quot;:&quot;yes&quot;,&quot;_ob_shadough_use&quot;:&quot;no&quot;,&quot;_ob_allow_hoveranimator&quot;:&quot;no&quot;,&quot;_ob_widget_stalker_use&quot;:&quot;no&quot;}\" data-widget_type=\"spacer.default\">\n\t\t\t\t<div class=\"elementor-widget-container\">\n\t\t\t\t\t\t\t<div class=\"elementor-spacer\">\n\t\t\t<div class=\"elementor-spacer-inner\"><\/div>\n\t\t<\/div>\n\t\t\t\t\t\t<\/div>\n\t\t\t\t<\/div>\n\t\t\t\t<div class=\"elementor-element elementor-element-27c4663 ob-has-background-overlay elementor-widget elementor-widget-image\" data-id=\"27c4663\" data-element_type=\"widget\" data-e-type=\"widget\" data-settings=\"{&quot;_ob_photomorph_use&quot;:&quot;no&quot;,&quot;_ob_perspektive_use&quot;:&quot;no&quot;,&quot;_ob_poopart_use&quot;:&quot;yes&quot;,&quot;_ob_shadough_use&quot;:&quot;no&quot;,&quot;_ob_allow_hoveranimator&quot;:&quot;no&quot;,&quot;_ob_widget_stalker_use&quot;:&quot;no&quot;}\" data-widget_type=\"image.default\">\n\t\t\t\t<div class=\"elementor-widget-container\">\n\t\t\t\t\t\t\t\t\t\t\t\t\t\t\t<img loading=\"lazy\" decoding=\"async\" width=\"612\" height=\"354\" src=\"https:\/\/edelweiss-education.ch\/wp-content\/uploads\/2022\/09\/saftety.jpg\" class=\"attachment-large size-large wp-image-2530\" alt=\"\" srcset=\"https:\/\/edelweiss-education.ch\/wp-content\/uploads\/2022\/09\/saftety.jpg 612w, https:\/\/edelweiss-education.ch\/wp-content\/uploads\/2022\/09\/saftety-300x174.jpg 300w, https:\/\/edelweiss-education.ch\/wp-content\/uploads\/2022\/09\/saftety-18x10.jpg 18w\" sizes=\"(max-width: 612px) 100vw, 612px\" \/>\t\t\t\t\t\t\t\t\t\t\t\t\t\t\t<\/div>\n\t\t\t\t<\/div>\n\t\t\t\t<div class=\"elementor-element elementor-element-9fc3f7e ob-has-background-overlay elementor-widget elementor-widget-spacer\" data-id=\"9fc3f7e\" data-element_type=\"widget\" data-e-type=\"widget\" data-settings=\"{&quot;_ob_spacerat_use&quot;:&quot;no&quot;,&quot;_ob_perspektive_use&quot;:&quot;no&quot;,&quot;_ob_poopart_use&quot;:&quot;yes&quot;,&quot;_ob_shadough_use&quot;:&quot;no&quot;,&quot;_ob_allow_hoveranimator&quot;:&quot;no&quot;,&quot;_ob_widget_stalker_use&quot;:&quot;no&quot;}\" data-widget_type=\"spacer.default\">\n\t\t\t\t<div class=\"elementor-widget-container\">\n\t\t\t\t\t\t\t<div class=\"elementor-spacer\">\n\t\t\t<div class=\"elementor-spacer-inner\"><\/div>\n\t\t<\/div>\n\t\t\t\t\t\t<\/div>\n\t\t\t\t<\/div>\n\t\t\t\t\t<\/div>\n\t\t<\/div>\n\t\t\t\t<div class=\"elementor-column elementor-col-50 elementor-top-column elementor-element elementor-element-603b426\" data-id=\"603b426\" data-element_type=\"column\" data-e-type=\"column\" data-settings=\"{&quot;_ob_bbad_is_stalker&quot;:&quot;no&quot;,&quot;_ob_teleporter_use&quot;:false,&quot;_ob_column_hoveranimator&quot;:&quot;no&quot;,&quot;_ob_column_has_pseudo&quot;:&quot;no&quot;}\">\n\t\t\t<div class=\"elementor-widget-wrap elementor-element-populated\">\n\t\t\t\t\t\t<div class=\"elementor-element elementor-element-e662ee0 ob-has-background-overlay elementor-widget elementor-widget-spacer\" data-id=\"e662ee0\" data-element_type=\"widget\" data-e-type=\"widget\" data-settings=\"{&quot;_ob_spacerat_use&quot;:&quot;no&quot;,&quot;_ob_perspektive_use&quot;:&quot;no&quot;,&quot;_ob_poopart_use&quot;:&quot;yes&quot;,&quot;_ob_shadough_use&quot;:&quot;no&quot;,&quot;_ob_allow_hoveranimator&quot;:&quot;no&quot;,&quot;_ob_widget_stalker_use&quot;:&quot;no&quot;}\" data-widget_type=\"spacer.default\">\n\t\t\t\t<div class=\"elementor-widget-container\">\n\t\t\t\t\t\t\t<div class=\"elementor-spacer\">\n\t\t\t<div class=\"elementor-spacer-inner\"><\/div>\n\t\t<\/div>\n\t\t\t\t\t\t<\/div>\n\t\t\t\t<\/div>\n\t\t\t\t<div class=\"elementor-element elementor-element-7bb1024 ob-harakiri-inherit ob-has-background-overlay elementor-widget elementor-widget-text-editor\" data-id=\"7bb1024\" data-element_type=\"widget\" data-e-type=\"widget\" data-settings=\"{&quot;_ob_use_harakiri&quot;:&quot;yes&quot;,&quot;_ob_harakiri_writing_mode&quot;:&quot;inherit&quot;,&quot;_ob_postman_use&quot;:&quot;no&quot;,&quot;_ob_perspektive_use&quot;:&quot;no&quot;,&quot;_ob_poopart_use&quot;:&quot;yes&quot;,&quot;_ob_shadough_use&quot;:&quot;no&quot;,&quot;_ob_allow_hoveranimator&quot;:&quot;no&quot;,&quot;_ob_widget_stalker_use&quot;:&quot;no&quot;}\" data-widget_type=\"text-editor.default\">\n\t\t\t\t<div class=\"elementor-widget-container\">\n\t\t\t\t\t\t\t\t\t<h2><strong>4. S\u00e9curit\u00e9 et qualit\u00e9 de vie :<\/strong><\/h2>\n<p>La Suisse est r\u00e9put\u00e9e pour sa s\u00e9curit\u00e9 et sa qualit\u00e9 de vie. Elle se classe r\u00e9guli\u00e8rement en t\u00eate des indices de s\u00e9curit\u00e9 mondiaux, ce qui en fait un choix rassurant pour les \u00e9tudiants internationaux. Le syst\u00e8me de transport public efficace, les excellentes installations de soins de sant\u00e9 et les services de sant\u00e9 de l'\u00c9tat sont autant d'atouts pour les \u00e9tudiants \u00e9trangers.<b> faible taux de criminalit\u00e9<\/b> assurer un environnement s\u00fbr et confortable pour les \u00e9l\u00e8ves.<\/p>\t\t\t\t\t\t\t\t<\/div>\n\t\t\t\t<\/div>\n\t\t\t\t\t<\/div>\n\t\t<\/div>\n\t\t\t\t\t<\/div>\n\t\t<\/section>\n\t\t\t\t<section class=\"ob-is-breaking-bad elementor-section elementor-top-section elementor-element elementor-element-9532f6b elementor-section-boxed elementor-section-height-default elementor-section-height-default\" data-id=\"9532f6b\" data-element_type=\"section\" data-e-type=\"section\" data-settings=\"{&quot;_ob_bbad_use_it&quot;:&quot;yes&quot;,&quot;_ob_bbad_sssic_use&quot;:&quot;no&quot;,&quot;_ob_glider_is_slider&quot;:&quot;no&quot;}\">\n\t\t\t\t\t\t<div class=\"elementor-container elementor-column-gap-default\">\n\t\t\t\t\t<div class=\"elementor-column elementor-col-50 elementor-top-column elementor-element elementor-element-d4c513d\" data-id=\"d4c513d\" data-element_type=\"column\" data-e-type=\"column\" data-settings=\"{&quot;_ob_bbad_is_stalker&quot;:&quot;no&quot;,&quot;_ob_teleporter_use&quot;:false,&quot;_ob_column_hoveranimator&quot;:&quot;no&quot;,&quot;_ob_column_has_pseudo&quot;:&quot;no&quot;}\">\n\t\t\t<div class=\"elementor-widget-wrap elementor-element-populated\">\n\t\t\t\t\t\t<div class=\"elementor-element elementor-element-9c57b4e ob-has-background-overlay elementor-widget elementor-widget-spacer\" data-id=\"9c57b4e\" data-element_type=\"widget\" data-e-type=\"widget\" data-settings=\"{&quot;_ob_spacerat_use&quot;:&quot;no&quot;,&quot;_ob_perspektive_use&quot;:&quot;no&quot;,&quot;_ob_poopart_use&quot;:&quot;yes&quot;,&quot;_ob_shadough_use&quot;:&quot;no&quot;,&quot;_ob_allow_hoveranimator&quot;:&quot;no&quot;,&quot;_ob_widget_stalker_use&quot;:&quot;no&quot;}\" data-widget_type=\"spacer.default\">\n\t\t\t\t<div class=\"elementor-widget-container\">\n\t\t\t\t\t\t\t<div class=\"elementor-spacer\">\n\t\t\t<div class=\"elementor-spacer-inner\"><\/div>\n\t\t<\/div>\n\t\t\t\t\t\t<\/div>\n\t\t\t\t<\/div>\n\t\t\t\t<div class=\"elementor-element elementor-element-860f47e ob-harakiri-inherit ob-has-background-overlay elementor-widget elementor-widget-text-editor\" data-id=\"860f47e\" data-element_type=\"widget\" data-e-type=\"widget\" data-settings=\"{&quot;_ob_use_harakiri&quot;:&quot;yes&quot;,&quot;_ob_harakiri_writing_mode&quot;:&quot;inherit&quot;,&quot;_ob_postman_use&quot;:&quot;no&quot;,&quot;_ob_perspektive_use&quot;:&quot;no&quot;,&quot;_ob_poopart_use&quot;:&quot;yes&quot;,&quot;_ob_shadough_use&quot;:&quot;no&quot;,&quot;_ob_allow_hoveranimator&quot;:&quot;no&quot;,&quot;_ob_widget_stalker_use&quot;:&quot;no&quot;}\" data-widget_type=\"text-editor.default\">\n\t\t\t\t<div class=\"elementor-widget-container\">\n\t\t\t\t\t\t\t\t\t<h2><strong>5. Exp\u00e9riences culturelles :<\/strong><\/h2>\n<p>La Suisse offre une sc\u00e8ne culturelle dynamique avec de nombreux mus\u00e9es, galeries, th\u00e9\u00e2tres et festivals de musique. Les \u00e9tudiants peuvent explorer l'art, l'histoire et la culture contemporaine de la Suisse. La situation centrale du pays en <b>L'Europe <\/b>permet \u00e9galement de faciliter <i>voyage <\/i>dans les pays voisins, enrichissant ainsi les exp\u00e9riences culturelles.<\/p>\t\t\t\t\t\t\t\t<\/div>\n\t\t\t\t<\/div>\n\t\t\t\t\t<\/div>\n\t\t<\/div>\n\t\t\t\t<div class=\"elementor-column elementor-col-50 elementor-top-column elementor-element elementor-element-6f4104d\" data-id=\"6f4104d\" data-element_type=\"column\" data-e-type=\"column\" data-settings=\"{&quot;_ob_bbad_is_stalker&quot;:&quot;no&quot;,&quot;_ob_teleporter_use&quot;:false,&quot;_ob_column_hoveranimator&quot;:&quot;no&quot;,&quot;_ob_column_has_pseudo&quot;:&quot;no&quot;}\">\n\t\t\t<div class=\"elementor-widget-wrap elementor-element-populated\">\n\t\t\t\t\t\t<div class=\"elementor-element elementor-element-f1f8ea5 ob-has-background-overlay elementor-widget elementor-widget-image\" data-id=\"f1f8ea5\" data-element_type=\"widget\" data-e-type=\"widget\" data-settings=\"{&quot;_ob_photomorph_use&quot;:&quot;no&quot;,&quot;_ob_perspektive_use&quot;:&quot;no&quot;,&quot;_ob_poopart_use&quot;:&quot;yes&quot;,&quot;_ob_shadough_use&quot;:&quot;no&quot;,&quot;_ob_allow_hoveranimator&quot;:&quot;no&quot;,&quot;_ob_widget_stalker_use&quot;:&quot;no&quot;}\" data-widget_type=\"image.default\">\n\t\t\t\t<div class=\"elementor-widget-container\">\n\t\t\t\t\t\t\t\t\t\t\t\t\t\t\t<img loading=\"lazy\" decoding=\"async\" width=\"612\" height=\"478\" src=\"https:\/\/edelweiss-education.ch\/wp-content\/uploads\/2022\/09\/swiss-culture.jpg\" class=\"attachment-large size-large wp-image-2537\" alt=\"\" srcset=\"https:\/\/edelweiss-education.ch\/wp-content\/uploads\/2022\/09\/swiss-culture.jpg 612w, https:\/\/edelweiss-education.ch\/wp-content\/uploads\/2022\/09\/swiss-culture-300x234.jpg 300w, https:\/\/edelweiss-education.ch\/wp-content\/uploads\/2022\/09\/swiss-culture-15x12.jpg 15w\" sizes=\"(max-width: 612px) 100vw, 612px\" \/>\t\t\t\t\t\t\t\t\t\t\t\t\t\t\t<\/div>\n\t\t\t\t<\/div>\n\t\t\t\t<div class=\"elementor-element elementor-element-d4a28de ob-has-background-overlay elementor-widget elementor-widget-spacer\" data-id=\"d4a28de\" data-element_type=\"widget\" data-e-type=\"widget\" data-settings=\"{&quot;_ob_spacerat_use&quot;:&quot;no&quot;,&quot;_ob_perspektive_use&quot;:&quot;no&quot;,&quot;_ob_poopart_use&quot;:&quot;yes&quot;,&quot;_ob_shadough_use&quot;:&quot;no&quot;,&quot;_ob_allow_hoveranimator&quot;:&quot;no&quot;,&quot;_ob_widget_stalker_use&quot;:&quot;no&quot;}\" data-widget_type=\"spacer.default\">\n\t\t\t\t<div class=\"elementor-widget-container\">\n\t\t\t\t\t\t\t<div class=\"elementor-spacer\">\n\t\t\t<div class=\"elementor-spacer-inner\"><\/div>\n\t\t<\/div>\n\t\t\t\t\t\t<\/div>\n\t\t\t\t<\/div>\n\t\t\t\t\t<\/div>\n\t\t<\/div>\n\t\t\t\t\t<\/div>\n\t\t<\/section>\n\t\t\t\t<section class=\"ob-is-breaking-bad elementor-section elementor-top-section elementor-element elementor-element-ef585c2 elementor-section-boxed elementor-section-height-default elementor-section-height-default\" data-id=\"ef585c2\" data-element_type=\"section\" data-e-type=\"section\" data-settings=\"{&quot;_ob_bbad_use_it&quot;:&quot;yes&quot;,&quot;_ob_bbad_sssic_use&quot;:&quot;no&quot;,&quot;_ob_glider_is_slider&quot;:&quot;no&quot;}\">\n\t\t\t\t\t\t<div class=\"elementor-container elementor-column-gap-default\">\n\t\t\t\t\t<div class=\"elementor-column elementor-col-50 elementor-top-column elementor-element elementor-element-7709c58\" data-id=\"7709c58\" data-element_type=\"column\" data-e-type=\"column\" data-settings=\"{&quot;_ob_bbad_is_stalker&quot;:&quot;no&quot;,&quot;_ob_teleporter_use&quot;:false,&quot;_ob_column_hoveranimator&quot;:&quot;no&quot;,&quot;_ob_column_has_pseudo&quot;:&quot;no&quot;}\">\n\t\t\t<div class=\"elementor-widget-wrap elementor-element-populated\">\n\t\t\t\t\t\t<div class=\"elementor-element elementor-element-fba9b49 ob-has-background-overlay elementor-widget elementor-widget-image\" data-id=\"fba9b49\" data-element_type=\"widget\" data-e-type=\"widget\" data-settings=\"{&quot;_ob_photomorph_use&quot;:&quot;no&quot;,&quot;_ob_perspektive_use&quot;:&quot;no&quot;,&quot;_ob_poopart_use&quot;:&quot;yes&quot;,&quot;_ob_shadough_use&quot;:&quot;no&quot;,&quot;_ob_allow_hoveranimator&quot;:&quot;no&quot;,&quot;_ob_widget_stalker_use&quot;:&quot;no&quot;}\" data-widget_type=\"image.default\">\n\t\t\t\t<div class=\"elementor-widget-container\">\n\t\t\t\t\t\t\t\t\t\t\t\t\t\t\t<img decoding=\"async\" src=\"https:\/\/edelweiss-education.ch\/wp-content\/uploads\/elementor\/thumbs\/fondue-qc0fag5618ykilii4l54sn5m5rd9fwwgfm43adxfvk.webp\" title=\"fondue\" alt=\"fondue\" loading=\"lazy\" \/>\t\t\t\t\t\t\t\t\t\t\t\t\t\t\t<\/div>\n\t\t\t\t<\/div>\n\t\t\t\t<div class=\"elementor-element elementor-element-edcb922 ob-has-background-overlay elementor-widget elementor-widget-spacer\" data-id=\"edcb922\" data-element_type=\"widget\" data-e-type=\"widget\" data-settings=\"{&quot;_ob_spacerat_use&quot;:&quot;no&quot;,&quot;_ob_perspektive_use&quot;:&quot;no&quot;,&quot;_ob_poopart_use&quot;:&quot;yes&quot;,&quot;_ob_shadough_use&quot;:&quot;no&quot;,&quot;_ob_allow_hoveranimator&quot;:&quot;no&quot;,&quot;_ob_widget_stalker_use&quot;:&quot;no&quot;}\" data-widget_type=\"spacer.default\">\n\t\t\t\t<div class=\"elementor-widget-container\">\n\t\t\t\t\t\t\t<div class=\"elementor-spacer\">\n\t\t\t<div class=\"elementor-spacer-inner\"><\/div>\n\t\t<\/div>\n\t\t\t\t\t\t<\/div>\n\t\t\t\t<\/div>\n\t\t\t\t\t<\/div>\n\t\t<\/div>\n\t\t\t\t<div class=\"elementor-column elementor-col-50 elementor-top-column elementor-element elementor-element-69695b9\" data-id=\"69695b9\" data-element_type=\"column\" data-e-type=\"column\" data-settings=\"{&quot;_ob_bbad_is_stalker&quot;:&quot;no&quot;,&quot;_ob_teleporter_use&quot;:false,&quot;_ob_column_hoveranimator&quot;:&quot;no&quot;,&quot;_ob_column_has_pseudo&quot;:&quot;no&quot;}\">\n\t\t\t<div class=\"elementor-widget-wrap elementor-element-populated\">\n\t\t\t\t\t\t<div class=\"elementor-element elementor-element-e976f89 ob-has-background-overlay elementor-widget elementor-widget-spacer\" data-id=\"e976f89\" data-element_type=\"widget\" data-e-type=\"widget\" data-settings=\"{&quot;_ob_spacerat_use&quot;:&quot;no&quot;,&quot;_ob_perspektive_use&quot;:&quot;no&quot;,&quot;_ob_poopart_use&quot;:&quot;yes&quot;,&quot;_ob_shadough_use&quot;:&quot;no&quot;,&quot;_ob_allow_hoveranimator&quot;:&quot;no&quot;,&quot;_ob_widget_stalker_use&quot;:&quot;no&quot;}\" data-widget_type=\"spacer.default\">\n\t\t\t\t<div class=\"elementor-widget-container\">\n\t\t\t\t\t\t\t<div class=\"elementor-spacer\">\n\t\t\t<div class=\"elementor-spacer-inner\"><\/div>\n\t\t<\/div>\n\t\t\t\t\t\t<\/div>\n\t\t\t\t<\/div>\n\t\t\t\t<div class=\"elementor-element elementor-element-88c6542 ob-harakiri-inherit ob-has-background-overlay elementor-widget elementor-widget-text-editor\" data-id=\"88c6542\" data-element_type=\"widget\" data-e-type=\"widget\" data-settings=\"{&quot;_ob_use_harakiri&quot;:&quot;yes&quot;,&quot;_ob_harakiri_writing_mode&quot;:&quot;inherit&quot;,&quot;_ob_postman_use&quot;:&quot;no&quot;,&quot;_ob_perspektive_use&quot;:&quot;no&quot;,&quot;_ob_poopart_use&quot;:&quot;yes&quot;,&quot;_ob_shadough_use&quot;:&quot;no&quot;,&quot;_ob_allow_hoveranimator&quot;:&quot;no&quot;,&quot;_ob_widget_stalker_use&quot;:&quot;no&quot;}\" data-widget_type=\"text-editor.default\">\n\t\t\t\t<div class=\"elementor-widget-container\">\n\t\t\t\t\t\t\t\t\t<h2><strong>6. Cuisine :<\/strong><\/h2>\n<p><b>Cuisine suisse<\/b> est vari\u00e9e, influenc\u00e9e par les pays voisins. Fondue, raclette et <i>chocolat <\/i>ne sont que quelques-unes des sp\u00e9cialit\u00e9s suisses que les \u00e9tudiants doivent absolument go\u00fbter. Les villes suisses abritent \u00e9galement un large \u00e9ventail de restaurants internationaux, qui s'adressent \u00e0 des palais vari\u00e9s.<\/p>\t\t\t\t\t\t\t\t<\/div>\n\t\t\t\t<\/div>\n\t\t\t\t\t<\/div>\n\t\t<\/div>\n\t\t\t\t\t<\/div>\n\t\t<\/section>\n\t\t\t\t<section class=\"ob-is-breaking-bad elementor-section elementor-top-section elementor-element elementor-element-d71c07a elementor-section-boxed elementor-section-height-default elementor-section-height-default\" data-id=\"d71c07a\" data-element_type=\"section\" data-e-type=\"section\" data-settings=\"{&quot;_ob_bbad_use_it&quot;:&quot;yes&quot;,&quot;_ob_bbad_sssic_use&quot;:&quot;no&quot;,&quot;_ob_glider_is_slider&quot;:&quot;no&quot;}\">\n\t\t\t\t\t\t<div class=\"elementor-container elementor-column-gap-default\">\n\t\t\t\t\t<div class=\"elementor-column elementor-col-50 elementor-top-column elementor-element elementor-element-b392ee1\" data-id=\"b392ee1\" data-element_type=\"column\" data-e-type=\"column\" data-settings=\"{&quot;_ob_bbad_is_stalker&quot;:&quot;no&quot;,&quot;_ob_teleporter_use&quot;:false,&quot;_ob_column_hoveranimator&quot;:&quot;no&quot;,&quot;_ob_column_has_pseudo&quot;:&quot;no&quot;}\">\n\t\t\t<div class=\"elementor-widget-wrap elementor-element-populated\">\n\t\t\t\t\t\t<div class=\"elementor-element elementor-element-0a537be ob-has-background-overlay elementor-widget elementor-widget-spacer\" data-id=\"0a537be\" data-element_type=\"widget\" data-e-type=\"widget\" data-settings=\"{&quot;_ob_spacerat_use&quot;:&quot;no&quot;,&quot;_ob_perspektive_use&quot;:&quot;no&quot;,&quot;_ob_poopart_use&quot;:&quot;yes&quot;,&quot;_ob_shadough_use&quot;:&quot;no&quot;,&quot;_ob_allow_hoveranimator&quot;:&quot;no&quot;,&quot;_ob_widget_stalker_use&quot;:&quot;no&quot;}\" data-widget_type=\"spacer.default\">\n\t\t\t\t<div class=\"elementor-widget-container\">\n\t\t\t\t\t\t\t<div class=\"elementor-spacer\">\n\t\t\t<div class=\"elementor-spacer-inner\"><\/div>\n\t\t<\/div>\n\t\t\t\t\t\t<\/div>\n\t\t\t\t<\/div>\n\t\t\t\t<div class=\"elementor-element elementor-element-f8203f1 ob-harakiri-inherit ob-has-background-overlay elementor-widget elementor-widget-text-editor\" data-id=\"f8203f1\" data-element_type=\"widget\" data-e-type=\"widget\" data-settings=\"{&quot;_ob_use_harakiri&quot;:&quot;yes&quot;,&quot;_ob_harakiri_writing_mode&quot;:&quot;inherit&quot;,&quot;_ob_postman_use&quot;:&quot;no&quot;,&quot;_ob_perspektive_use&quot;:&quot;no&quot;,&quot;_ob_poopart_use&quot;:&quot;yes&quot;,&quot;_ob_shadough_use&quot;:&quot;no&quot;,&quot;_ob_allow_hoveranimator&quot;:&quot;no&quot;,&quot;_ob_widget_stalker_use&quot;:&quot;no&quot;}\" data-widget_type=\"text-editor.default\">\n\t\t\t\t<div class=\"elementor-widget-container\">\n\t\t\t\t\t\t\t\t\t<h2><strong>7. Organisations et clubs d'\u00e9tudiants :<\/strong><\/h2>\n<p>Les universit\u00e9s suisses proposent une multitude de clubs et d'organisations \u00e9tudiantes. Que vous soyez int\u00e9ress\u00e9 par le sport, la musique, les d\u00e9bats ou les causes sociales, il y a probablement un club pour vous. S'engager dans des activit\u00e9s extrascolaires est un excellent moyen de rencontrer des gens, d'apprendre des choses et de se faire des amis. <i>nouvelles comp\u00e9tences<\/i>et enrichir votre exp\u00e9rience universitaire.<\/p>\t\t\t\t\t\t\t\t<\/div>\n\t\t\t\t<\/div>\n\t\t\t\t\t<\/div>\n\t\t<\/div>\n\t\t\t\t<div class=\"elementor-column elementor-col-50 elementor-top-column elementor-element elementor-element-6468333\" data-id=\"6468333\" data-element_type=\"column\" data-e-type=\"column\" data-settings=\"{&quot;_ob_bbad_is_stalker&quot;:&quot;no&quot;,&quot;_ob_teleporter_use&quot;:false,&quot;_ob_column_hoveranimator&quot;:&quot;no&quot;,&quot;_ob_column_has_pseudo&quot;:&quot;no&quot;}\">\n\t\t\t<div class=\"elementor-widget-wrap elementor-element-populated\">\n\t\t\t\t\t\t<div class=\"elementor-element elementor-element-edb991f ob-has-background-overlay elementor-widget elementor-widget-image\" data-id=\"edb991f\" data-element_type=\"widget\" data-e-type=\"widget\" data-settings=\"{&quot;_ob_photomorph_use&quot;:&quot;no&quot;,&quot;_ob_perspektive_use&quot;:&quot;no&quot;,&quot;_ob_poopart_use&quot;:&quot;yes&quot;,&quot;_ob_shadough_use&quot;:&quot;no&quot;,&quot;_ob_allow_hoveranimator&quot;:&quot;no&quot;,&quot;_ob_widget_stalker_use&quot;:&quot;no&quot;}\" data-widget_type=\"image.default\">\n\t\t\t\t<div class=\"elementor-widget-container\">\n\t\t\t\t\t\t\t\t\t\t\t\t\t\t\t<img loading=\"lazy\" decoding=\"async\" width=\"1024\" height=\"787\" src=\"https:\/\/edelweiss-education.ch\/wp-content\/uploads\/2022\/09\/03StudentClubs-1024x787.png\" class=\"attachment-large size-large wp-image-2532\" alt=\"\" srcset=\"https:\/\/edelweiss-education.ch\/wp-content\/uploads\/2022\/09\/03StudentClubs-1024x787.png 1024w, https:\/\/edelweiss-education.ch\/wp-content\/uploads\/2022\/09\/03StudentClubs-300x231.png 300w, https:\/\/edelweiss-education.ch\/wp-content\/uploads\/2022\/09\/03StudentClubs-768x590.png 768w, https:\/\/edelweiss-education.ch\/wp-content\/uploads\/2022\/09\/03StudentClubs-16x12.png 16w, https:\/\/edelweiss-education.ch\/wp-content\/uploads\/2022\/09\/03StudentClubs.png 1369w\" sizes=\"(max-width: 1024px) 100vw, 1024px\" \/>\t\t\t\t\t\t\t\t\t\t\t\t\t\t\t<\/div>\n\t\t\t\t<\/div>\n\t\t\t\t<div class=\"elementor-element elementor-element-38fd300 ob-has-background-overlay elementor-widget elementor-widget-spacer\" data-id=\"38fd300\" data-element_type=\"widget\" data-e-type=\"widget\" data-settings=\"{&quot;_ob_spacerat_use&quot;:&quot;no&quot;,&quot;_ob_perspektive_use&quot;:&quot;no&quot;,&quot;_ob_poopart_use&quot;:&quot;yes&quot;,&quot;_ob_shadough_use&quot;:&quot;no&quot;,&quot;_ob_allow_hoveranimator&quot;:&quot;no&quot;,&quot;_ob_widget_stalker_use&quot;:&quot;no&quot;}\" data-widget_type=\"spacer.default\">\n\t\t\t\t<div class=\"elementor-widget-container\">\n\t\t\t\t\t\t\t<div class=\"elementor-spacer\">\n\t\t\t<div class=\"elementor-spacer-inner\"><\/div>\n\t\t<\/div>\n\t\t\t\t\t\t<\/div>\n\t\t\t\t<\/div>\n\t\t\t\t\t<\/div>\n\t\t<\/div>\n\t\t\t\t\t<\/div>\n\t\t<\/section>\n\t\t\t\t<section class=\"ob-is-breaking-bad elementor-section elementor-top-section elementor-element elementor-element-d51f164 elementor-section-boxed elementor-section-height-default elementor-section-height-default\" data-id=\"d51f164\" data-element_type=\"section\" data-e-type=\"section\" data-settings=\"{&quot;_ob_bbad_use_it&quot;:&quot;yes&quot;,&quot;_ob_bbad_sssic_use&quot;:&quot;no&quot;,&quot;_ob_glider_is_slider&quot;:&quot;no&quot;}\">\n\t\t\t\t\t\t<div class=\"elementor-container elementor-column-gap-default\">\n\t\t\t\t\t<div class=\"elementor-column elementor-col-50 elementor-top-column elementor-element elementor-element-5a3be53\" data-id=\"5a3be53\" data-element_type=\"column\" data-e-type=\"column\" data-settings=\"{&quot;_ob_bbad_is_stalker&quot;:&quot;no&quot;,&quot;_ob_teleporter_use&quot;:false,&quot;_ob_column_hoveranimator&quot;:&quot;no&quot;,&quot;_ob_column_has_pseudo&quot;:&quot;no&quot;}\">\n\t\t\t<div class=\"elementor-widget-wrap elementor-element-populated\">\n\t\t\t\t\t\t<div class=\"elementor-element elementor-element-bce0931 ob-has-background-overlay elementor-widget elementor-widget-image\" data-id=\"bce0931\" data-element_type=\"widget\" data-e-type=\"widget\" data-settings=\"{&quot;_ob_photomorph_use&quot;:&quot;no&quot;,&quot;_ob_perspektive_use&quot;:&quot;no&quot;,&quot;_ob_poopart_use&quot;:&quot;yes&quot;,&quot;_ob_shadough_use&quot;:&quot;no&quot;,&quot;_ob_allow_hoveranimator&quot;:&quot;no&quot;,&quot;_ob_widget_stalker_use&quot;:&quot;no&quot;}\" data-widget_type=\"image.default\">\n\t\t\t\t<div class=\"elementor-widget-container\">\n\t\t\t\t\t\t\t\t\t\t\t\t\t\t\t<img loading=\"lazy\" decoding=\"async\" width=\"990\" height=\"500\" src=\"https:\/\/edelweiss-education.ch\/wp-content\/uploads\/2022\/09\/7-suggestions-for-getting-a-good-job-during-campus-placements-990x500-1-990x500-1.jpg\" class=\"attachment-large size-large wp-image-2535\" alt=\"\" srcset=\"https:\/\/edelweiss-education.ch\/wp-content\/uploads\/2022\/09\/7-suggestions-for-getting-a-good-job-during-campus-placements-990x500-1-990x500-1.jpg 990w, https:\/\/edelweiss-education.ch\/wp-content\/uploads\/2022\/09\/7-suggestions-for-getting-a-good-job-during-campus-placements-990x500-1-990x500-1-300x152.jpg 300w, https:\/\/edelweiss-education.ch\/wp-content\/uploads\/2022\/09\/7-suggestions-for-getting-a-good-job-during-campus-placements-990x500-1-990x500-1-768x388.jpg 768w, https:\/\/edelweiss-education.ch\/wp-content\/uploads\/2022\/09\/7-suggestions-for-getting-a-good-job-during-campus-placements-990x500-1-990x500-1-18x9.jpg 18w\" sizes=\"(max-width: 990px) 100vw, 990px\" \/>\t\t\t\t\t\t\t\t\t\t\t\t\t\t\t<\/div>\n\t\t\t\t<\/div>\n\t\t\t\t<div class=\"elementor-element elementor-element-9a2f793 ob-has-background-overlay elementor-widget elementor-widget-spacer\" data-id=\"9a2f793\" data-element_type=\"widget\" data-e-type=\"widget\" data-settings=\"{&quot;_ob_spacerat_use&quot;:&quot;no&quot;,&quot;_ob_perspektive_use&quot;:&quot;no&quot;,&quot;_ob_poopart_use&quot;:&quot;yes&quot;,&quot;_ob_shadough_use&quot;:&quot;no&quot;,&quot;_ob_allow_hoveranimator&quot;:&quot;no&quot;,&quot;_ob_widget_stalker_use&quot;:&quot;no&quot;}\" data-widget_type=\"spacer.default\">\n\t\t\t\t<div class=\"elementor-widget-container\">\n\t\t\t\t\t\t\t<div class=\"elementor-spacer\">\n\t\t\t<div class=\"elementor-spacer-inner\"><\/div>\n\t\t<\/div>\n\t\t\t\t\t\t<\/div>\n\t\t\t\t<\/div>\n\t\t\t\t\t<\/div>\n\t\t<\/div>\n\t\t\t\t<div class=\"elementor-column elementor-col-50 elementor-top-column elementor-element elementor-element-06fc908\" data-id=\"06fc908\" data-element_type=\"column\" data-e-type=\"column\" data-settings=\"{&quot;_ob_bbad_is_stalker&quot;:&quot;no&quot;,&quot;_ob_teleporter_use&quot;:false,&quot;_ob_column_hoveranimator&quot;:&quot;no&quot;,&quot;_ob_column_has_pseudo&quot;:&quot;no&quot;}\">\n\t\t\t<div class=\"elementor-widget-wrap elementor-element-populated\">\n\t\t\t\t\t\t<div class=\"elementor-element elementor-element-82d5520 ob-has-background-overlay elementor-widget elementor-widget-spacer\" data-id=\"82d5520\" data-element_type=\"widget\" data-e-type=\"widget\" data-settings=\"{&quot;_ob_spacerat_use&quot;:&quot;no&quot;,&quot;_ob_perspektive_use&quot;:&quot;no&quot;,&quot;_ob_poopart_use&quot;:&quot;yes&quot;,&quot;_ob_shadough_use&quot;:&quot;no&quot;,&quot;_ob_allow_hoveranimator&quot;:&quot;no&quot;,&quot;_ob_widget_stalker_use&quot;:&quot;no&quot;}\" data-widget_type=\"spacer.default\">\n\t\t\t\t<div class=\"elementor-widget-container\">\n\t\t\t\t\t\t\t<div class=\"elementor-spacer\">\n\t\t\t<div class=\"elementor-spacer-inner\"><\/div>\n\t\t<\/div>\n\t\t\t\t\t\t<\/div>\n\t\t\t\t<\/div>\n\t\t\t\t<div class=\"elementor-element elementor-element-cb82ef5 ob-harakiri-inherit ob-has-background-overlay elementor-widget elementor-widget-text-editor\" data-id=\"cb82ef5\" data-element_type=\"widget\" data-e-type=\"widget\" data-settings=\"{&quot;_ob_use_harakiri&quot;:&quot;yes&quot;,&quot;_ob_harakiri_writing_mode&quot;:&quot;inherit&quot;,&quot;_ob_postman_use&quot;:&quot;no&quot;,&quot;_ob_perspektive_use&quot;:&quot;no&quot;,&quot;_ob_poopart_use&quot;:&quot;yes&quot;,&quot;_ob_shadough_use&quot;:&quot;no&quot;,&quot;_ob_allow_hoveranimator&quot;:&quot;no&quot;,&quot;_ob_widget_stalker_use&quot;:&quot;no&quot;}\" data-widget_type=\"text-editor.default\">\n\t\t\t\t<div class=\"elementor-widget-container\">\n\t\t\t\t\t\t\t\t\t<h2><strong>8. Possibilit\u00e9s de stage et de travail :<\/strong><\/h2>\n<p>La Suisse <i>\u00e9conomie forte <\/i>et les entreprises multinationales offrent une abondance de <i>stage <\/i>et des emplois \u00e0 temps partiel pour les \u00e9tudiants. Les solides programmes d'alternance du pays permettent aux \u00e9tudiants d'acqu\u00e9rir une exp\u00e9rience pratique tout en \u00e9tudiant, ce qui am\u00e9liore leur employabilit\u00e9 \u00e0 la fin de leurs \u00e9tudes.<\/p>\t\t\t\t\t\t\t\t<\/div>\n\t\t\t\t<\/div>\n\t\t\t\t\t<\/div>\n\t\t<\/div>\n\t\t\t\t\t<\/div>\n\t\t<\/section>\n\t\t\t\t<section class=\"ob-is-breaking-bad elementor-section elementor-top-section elementor-element elementor-element-77695b6 elementor-section-boxed elementor-section-height-default elementor-section-height-default\" data-id=\"77695b6\" data-element_type=\"section\" data-e-type=\"section\" data-settings=\"{&quot;_ob_bbad_use_it&quot;:&quot;yes&quot;,&quot;_ob_bbad_sssic_use&quot;:&quot;no&quot;,&quot;_ob_glider_is_slider&quot;:&quot;no&quot;}\">\n\t\t\t\t\t\t<div class=\"elementor-container elementor-column-gap-default\">\n\t\t\t\t\t<div class=\"elementor-column elementor-col-50 elementor-top-column elementor-element elementor-element-604fbfa\" data-id=\"604fbfa\" data-element_type=\"column\" data-e-type=\"column\" data-settings=\"{&quot;_ob_bbad_is_stalker&quot;:&quot;no&quot;,&quot;_ob_teleporter_use&quot;:false,&quot;_ob_column_hoveranimator&quot;:&quot;no&quot;,&quot;_ob_column_has_pseudo&quot;:&quot;no&quot;}\">\n\t\t\t<div class=\"elementor-widget-wrap elementor-element-populated\">\n\t\t\t\t\t\t<div class=\"elementor-element elementor-element-04f6ea5 ob-has-background-overlay elementor-widget elementor-widget-spacer\" data-id=\"04f6ea5\" data-element_type=\"widget\" data-e-type=\"widget\" data-settings=\"{&quot;_ob_spacerat_use&quot;:&quot;no&quot;,&quot;_ob_perspektive_use&quot;:&quot;no&quot;,&quot;_ob_poopart_use&quot;:&quot;yes&quot;,&quot;_ob_shadough_use&quot;:&quot;no&quot;,&quot;_ob_allow_hoveranimator&quot;:&quot;no&quot;,&quot;_ob_widget_stalker_use&quot;:&quot;no&quot;}\" data-widget_type=\"spacer.default\">\n\t\t\t\t<div class=\"elementor-widget-container\">\n\t\t\t\t\t\t\t<div class=\"elementor-spacer\">\n\t\t\t<div class=\"elementor-spacer-inner\"><\/div>\n\t\t<\/div>\n\t\t\t\t\t\t<\/div>\n\t\t\t\t<\/div>\n\t\t\t\t<div class=\"elementor-element elementor-element-4205043 ob-harakiri-inherit ob-has-background-overlay elementor-widget elementor-widget-text-editor\" data-id=\"4205043\" data-element_type=\"widget\" data-e-type=\"widget\" data-settings=\"{&quot;_ob_use_harakiri&quot;:&quot;yes&quot;,&quot;_ob_harakiri_writing_mode&quot;:&quot;inherit&quot;,&quot;_ob_postman_use&quot;:&quot;no&quot;,&quot;_ob_perspektive_use&quot;:&quot;no&quot;,&quot;_ob_poopart_use&quot;:&quot;yes&quot;,&quot;_ob_shadough_use&quot;:&quot;no&quot;,&quot;_ob_allow_hoveranimator&quot;:&quot;no&quot;,&quot;_ob_widget_stalker_use&quot;:&quot;no&quot;}\" data-widget_type=\"text-editor.default\">\n\t\t\t\t<div class=\"elementor-widget-container\">\n\t\t\t\t\t\t\t\t\t<h2><strong>9. Apprentissage des langues :<\/strong><\/h2>\n<p><b>\u00c9tudier en Suisse <\/b>offre une occasion unique de ma\u00eetriser plusieurs langues. De nombreuses universit\u00e9s proposent des cours de langues et les interactions quotidiennes au sein de la communaut\u00e9 facilitent l'acquisition des langues. Le multilinguisme peut \u00eatre un atout pr\u00e9cieux sur le march\u00e9 mondial de l'emploi d'aujourd'hui.<\/p>\t\t\t\t\t\t\t\t<\/div>\n\t\t\t\t<\/div>\n\t\t\t\t\t<\/div>\n\t\t<\/div>\n\t\t\t\t<div class=\"elementor-column elementor-col-50 elementor-top-column elementor-element elementor-element-051af01\" data-id=\"051af01\" data-element_type=\"column\" data-e-type=\"column\" data-settings=\"{&quot;_ob_bbad_is_stalker&quot;:&quot;no&quot;,&quot;_ob_teleporter_use&quot;:false,&quot;_ob_column_hoveranimator&quot;:&quot;no&quot;,&quot;_ob_column_has_pseudo&quot;:&quot;no&quot;}\">\n\t\t\t<div class=\"elementor-widget-wrap elementor-element-populated\">\n\t\t\t\t\t\t<div class=\"elementor-element elementor-element-bf8021c ob-has-background-overlay elementor-widget elementor-widget-image\" data-id=\"bf8021c\" data-element_type=\"widget\" data-e-type=\"widget\" data-settings=\"{&quot;_ob_photomorph_use&quot;:&quot;no&quot;,&quot;_ob_perspektive_use&quot;:&quot;no&quot;,&quot;_ob_poopart_use&quot;:&quot;yes&quot;,&quot;_ob_shadough_use&quot;:&quot;no&quot;,&quot;_ob_allow_hoveranimator&quot;:&quot;no&quot;,&quot;_ob_widget_stalker_use&quot;:&quot;no&quot;}\" data-widget_type=\"image.default\">\n\t\t\t\t<div class=\"elementor-widget-container\">\n\t\t\t\t\t\t\t\t\t\t\t\t\t\t\t<img loading=\"lazy\" decoding=\"async\" width=\"724\" height=\"483\" src=\"https:\/\/edelweiss-education.ch\/wp-content\/uploads\/2022\/09\/languages.jpg\" class=\"attachment-large size-large wp-image-2533\" alt=\"\" srcset=\"https:\/\/edelweiss-education.ch\/wp-content\/uploads\/2022\/09\/languages.jpg 724w, https:\/\/edelweiss-education.ch\/wp-content\/uploads\/2022\/09\/languages-300x200.jpg 300w, https:\/\/edelweiss-education.ch\/wp-content\/uploads\/2022\/09\/languages-18x12.jpg 18w\" sizes=\"(max-width: 724px) 100vw, 724px\" \/>\t\t\t\t\t\t\t\t\t\t\t\t\t\t\t<\/div>\n\t\t\t\t<\/div>\n\t\t\t\t<div class=\"elementor-element elementor-element-a675d06 ob-has-background-overlay elementor-widget elementor-widget-spacer\" data-id=\"a675d06\" data-element_type=\"widget\" data-e-type=\"widget\" data-settings=\"{&quot;_ob_spacerat_use&quot;:&quot;no&quot;,&quot;_ob_perspektive_use&quot;:&quot;no&quot;,&quot;_ob_poopart_use&quot;:&quot;yes&quot;,&quot;_ob_shadough_use&quot;:&quot;no&quot;,&quot;_ob_allow_hoveranimator&quot;:&quot;no&quot;,&quot;_ob_widget_stalker_use&quot;:&quot;no&quot;}\" data-widget_type=\"spacer.default\">\n\t\t\t\t<div class=\"elementor-widget-container\">\n\t\t\t\t\t\t\t<div class=\"elementor-spacer\">\n\t\t\t<div class=\"elementor-spacer-inner\"><\/div>\n\t\t<\/div>\n\t\t\t\t\t\t<\/div>\n\t\t\t\t<\/div>\n\t\t\t\t\t<\/div>\n\t\t<\/div>\n\t\t\t\t\t<\/div>\n\t\t<\/section>\n\t\t\t\t<section class=\"ob-is-breaking-bad elementor-section elementor-top-section elementor-element elementor-element-d460832 elementor-section-boxed elementor-section-height-default elementor-section-height-default\" data-id=\"d460832\" data-element_type=\"section\" data-e-type=\"section\" data-settings=\"{&quot;_ob_bbad_use_it&quot;:&quot;yes&quot;,&quot;_ob_bbad_sssic_use&quot;:&quot;no&quot;,&quot;_ob_glider_is_slider&quot;:&quot;no&quot;}\">\n\t\t\t\t\t\t<div class=\"elementor-container elementor-column-gap-default\">\n\t\t\t\t\t<div class=\"elementor-column elementor-col-50 elementor-top-column elementor-element elementor-element-67b4432\" data-id=\"67b4432\" data-element_type=\"column\" data-e-type=\"column\" data-settings=\"{&quot;_ob_bbad_is_stalker&quot;:&quot;no&quot;,&quot;_ob_teleporter_use&quot;:false,&quot;_ob_column_hoveranimator&quot;:&quot;no&quot;,&quot;_ob_column_has_pseudo&quot;:&quot;no&quot;}\">\n\t\t\t<div class=\"elementor-widget-wrap elementor-element-populated\">\n\t\t\t\t\t\t<div class=\"elementor-element elementor-element-c5a4881 ob-has-background-overlay elementor-widget elementor-widget-image\" data-id=\"c5a4881\" data-element_type=\"widget\" data-e-type=\"widget\" data-settings=\"{&quot;_ob_photomorph_use&quot;:&quot;no&quot;,&quot;_ob_perspektive_use&quot;:&quot;no&quot;,&quot;_ob_poopart_use&quot;:&quot;yes&quot;,&quot;_ob_shadough_use&quot;:&quot;no&quot;,&quot;_ob_allow_hoveranimator&quot;:&quot;no&quot;,&quot;_ob_widget_stalker_use&quot;:&quot;no&quot;}\" data-widget_type=\"image.default\">\n\t\t\t\t<div class=\"elementor-widget-container\">\n\t\t\t\t\t\t\t\t\t\t\t\t\t\t\t<img loading=\"lazy\" decoding=\"async\" width=\"1024\" height=\"683\" src=\"https:\/\/edelweiss-education.ch\/wp-content\/uploads\/2022\/09\/festivals-in-switzerland-1024x683.webp\" class=\"attachment-large size-large wp-image-2534\" alt=\"\" srcset=\"https:\/\/edelweiss-education.ch\/wp-content\/uploads\/2022\/09\/festivals-in-switzerland-1024x683.webp 1024w, https:\/\/edelweiss-education.ch\/wp-content\/uploads\/2022\/09\/festivals-in-switzerland-300x200.webp 300w, https:\/\/edelweiss-education.ch\/wp-content\/uploads\/2022\/09\/festivals-in-switzerland-768x512.webp 768w, https:\/\/edelweiss-education.ch\/wp-content\/uploads\/2022\/09\/festivals-in-switzerland-1536x1024.webp 1536w, https:\/\/edelweiss-education.ch\/wp-content\/uploads\/2022\/09\/festivals-in-switzerland-18x12.webp 18w, https:\/\/edelweiss-education.ch\/wp-content\/uploads\/2022\/09\/festivals-in-switzerland.webp 1800w\" sizes=\"(max-width: 1024px) 100vw, 1024px\" \/>\t\t\t\t\t\t\t\t\t\t\t\t\t\t\t<\/div>\n\t\t\t\t<\/div>\n\t\t\t\t<div class=\"elementor-element elementor-element-9897bc7 ob-has-background-overlay elementor-widget elementor-widget-spacer\" data-id=\"9897bc7\" data-element_type=\"widget\" data-e-type=\"widget\" data-settings=\"{&quot;_ob_spacerat_use&quot;:&quot;no&quot;,&quot;_ob_perspektive_use&quot;:&quot;no&quot;,&quot;_ob_poopart_use&quot;:&quot;yes&quot;,&quot;_ob_shadough_use&quot;:&quot;no&quot;,&quot;_ob_allow_hoveranimator&quot;:&quot;no&quot;,&quot;_ob_widget_stalker_use&quot;:&quot;no&quot;}\" data-widget_type=\"spacer.default\">\n\t\t\t\t<div class=\"elementor-widget-container\">\n\t\t\t\t\t\t\t<div class=\"elementor-spacer\">\n\t\t\t<div class=\"elementor-spacer-inner\"><\/div>\n\t\t<\/div>\n\t\t\t\t\t\t<\/div>\n\t\t\t\t<\/div>\n\t\t\t\t\t<\/div>\n\t\t<\/div>\n\t\t\t\t<div class=\"elementor-column elementor-col-50 elementor-top-column elementor-element elementor-element-e10ebad\" data-id=\"e10ebad\" data-element_type=\"column\" data-e-type=\"column\" data-settings=\"{&quot;_ob_bbad_is_stalker&quot;:&quot;no&quot;,&quot;_ob_teleporter_use&quot;:false,&quot;_ob_column_hoveranimator&quot;:&quot;no&quot;,&quot;_ob_column_has_pseudo&quot;:&quot;no&quot;}\">\n\t\t\t<div class=\"elementor-widget-wrap elementor-element-populated\">\n\t\t\t\t\t\t<div class=\"elementor-element elementor-element-98a329d ob-has-background-overlay elementor-widget elementor-widget-spacer\" data-id=\"98a329d\" data-element_type=\"widget\" data-e-type=\"widget\" data-settings=\"{&quot;_ob_spacerat_use&quot;:&quot;no&quot;,&quot;_ob_perspektive_use&quot;:&quot;no&quot;,&quot;_ob_poopart_use&quot;:&quot;yes&quot;,&quot;_ob_shadough_use&quot;:&quot;no&quot;,&quot;_ob_allow_hoveranimator&quot;:&quot;no&quot;,&quot;_ob_widget_stalker_use&quot;:&quot;no&quot;}\" data-widget_type=\"spacer.default\">\n\t\t\t\t<div class=\"elementor-widget-container\">\n\t\t\t\t\t\t\t<div class=\"elementor-spacer\">\n\t\t\t<div class=\"elementor-spacer-inner\"><\/div>\n\t\t<\/div>\n\t\t\t\t\t\t<\/div>\n\t\t\t\t<\/div>\n\t\t\t\t<div class=\"elementor-element elementor-element-4a48ba1 ob-harakiri-inherit ob-has-background-overlay elementor-widget elementor-widget-text-editor\" data-id=\"4a48ba1\" data-element_type=\"widget\" data-e-type=\"widget\" data-settings=\"{&quot;_ob_use_harakiri&quot;:&quot;yes&quot;,&quot;_ob_harakiri_writing_mode&quot;:&quot;inherit&quot;,&quot;_ob_postman_use&quot;:&quot;no&quot;,&quot;_ob_perspektive_use&quot;:&quot;no&quot;,&quot;_ob_poopart_use&quot;:&quot;yes&quot;,&quot;_ob_shadough_use&quot;:&quot;no&quot;,&quot;_ob_allow_hoveranimator&quot;:&quot;no&quot;,&quot;_ob_widget_stalker_use&quot;:&quot;no&quot;}\" data-widget_type=\"text-editor.default\">\n\t\t\t\t<div class=\"elementor-widget-container\">\n\t\t\t\t\t\t\t\t\t<h2><strong>10. \u00c9v\u00e9nements sociaux et festivals :<\/strong><\/h2><p>La Suisse accueille de nombreux \u00e9v\u00e9nements sociaux et festivals tout au long de l'ann\u00e9e. Du carnaval color\u00e9 de Fasnacht en <i>B\u00e2le <\/i>aux festivals de musique comme le Montreux Jazz Festival, il se passe toujours quelque chose. Ces \u00e9v\u00e9nements sont l'occasion de se d\u00e9tendre, de s'amuser et de se cr\u00e9er des souvenirs imp\u00e9rissables.<\/p><p>Il est important de se rappeler que la disponibilit\u00e9 des activit\u00e9s peut varier en fonction de la saison et du lieu. Il est donc conseill\u00e9 de consulter les listes locales et de demander aux habitants de vous recommander des activit\u00e9s en fonction de vos centres d'int\u00e9r\u00eat et de la p\u00e9riode de l'ann\u00e9e.<\/p>\t\t\t\t\t\t\t\t<\/div>\n\t\t\t\t<\/div>\n\t\t\t\t\t<\/div>\n\t\t<\/div>\n\t\t\t\t\t<\/div>\n\t\t<\/section>\n\t\t\t\t<section class=\"ob-is-breaking-bad elementor-section elementor-top-section elementor-element elementor-element-0bfb598 elementor-section-boxed elementor-section-height-default elementor-section-height-default\" data-id=\"0bfb598\" data-element_type=\"section\" data-e-type=\"section\" data-settings=\"{&quot;_ob_bbad_use_it&quot;:&quot;yes&quot;,&quot;_ob_bbad_sssic_use&quot;:&quot;no&quot;,&quot;_ob_glider_is_slider&quot;:&quot;no&quot;}\">\n\t\t\t\t\t\t<div class=\"elementor-container elementor-column-gap-default\">\n\t\t\t\t\t<div class=\"elementor-column elementor-col-100 elementor-top-column elementor-element elementor-element-e1fbf74\" data-id=\"e1fbf74\" data-element_type=\"column\" data-e-type=\"column\" data-settings=\"{&quot;_ob_bbad_is_stalker&quot;:&quot;no&quot;,&quot;_ob_teleporter_use&quot;:false,&quot;_ob_column_hoveranimator&quot;:&quot;no&quot;,&quot;_ob_column_has_pseudo&quot;:&quot;no&quot;}\">\n\t\t\t<div class=\"elementor-widget-wrap elementor-element-populated\">\n\t\t\t\t\t\t<div class=\"elementor-element elementor-element-3959c31 ob-harakiri-inherit ob-has-background-overlay elementor-widget elementor-widget-text-editor\" data-id=\"3959c31\" data-element_type=\"widget\" data-e-type=\"widget\" data-settings=\"{&quot;_ob_use_harakiri&quot;:&quot;yes&quot;,&quot;_ob_harakiri_writing_mode&quot;:&quot;inherit&quot;,&quot;_ob_postman_use&quot;:&quot;no&quot;,&quot;_ob_perspektive_use&quot;:&quot;no&quot;,&quot;_ob_poopart_use&quot;:&quot;yes&quot;,&quot;_ob_shadough_use&quot;:&quot;no&quot;,&quot;_ob_allow_hoveranimator&quot;:&quot;no&quot;,&quot;_ob_widget_stalker_use&quot;:&quot;no&quot;}\" data-widget_type=\"text-editor.default\">\n\t\t\t\t<div class=\"elementor-widget-container\">\n\t\t\t\t\t\t\t\t\t<p>En conclusion, <b>la vie \u00e9tudiante en Suisse<\/b> offre un m\u00e9lange harmonieux de rigueur acad\u00e9mique, d'enrichissement culturel et de beaut\u00e9 naturelle \u00e0 couper le souffle. C'est un lieu o\u00f9 les \u00e9l\u00e8ves acqui\u00e8rent non seulement une connaissance approfondie de l'environnement, mais aussi une exp\u00e9rience de la vie en soci\u00e9t\u00e9. <i>une \u00e9ducation de niveau international<\/i> mais aussi de s'embarquer pour un voyage transformateur rempli d'exp\u00e9riences uniques et de croissance personnelle. En choisissant la Suisse comme votre <b>destination des \u00e9tudes<\/b> signifie embrasser une vie enrichie par la diversit\u00e9, l'aventure et l'excellence acad\u00e9mique.<\/p>\t\t\t\t\t\t\t\t<\/div>\n\t\t\t\t<\/div>\n\t\t\t\t\t<\/div>\n\t\t<\/div>\n\t\t\t\t\t<\/div>\n\t\t<\/section>\n\t\t\t\t<section class=\"ob-is-breaking-bad elementor-section elementor-top-section elementor-element elementor-element-f961535 elementor-section-boxed elementor-section-height-default elementor-section-height-default\" data-id=\"f961535\" data-element_type=\"section\" data-e-type=\"section\" data-settings=\"{&quot;_ob_bbad_use_it&quot;:&quot;yes&quot;,&quot;_ob_bbad_sssic_use&quot;:&quot;no&quot;,&quot;_ob_glider_is_slider&quot;:&quot;no&quot;}\">\n\t\t\t\t\t\t<div class=\"elementor-container elementor-column-gap-default\">\n\t\t\t\t\t<div class=\"elementor-column elementor-col-100 elementor-top-column elementor-element elementor-element-fd2c43f\" data-id=\"fd2c43f\" data-element_type=\"column\" data-e-type=\"column\" data-settings=\"{&quot;_ob_bbad_is_stalker&quot;:&quot;no&quot;,&quot;_ob_teleporter_use&quot;:false,&quot;_ob_column_hoveranimator&quot;:&quot;no&quot;,&quot;_ob_column_has_pseudo&quot;:&quot;no&quot;}\">\n\t\t\t<div class=\"elementor-widget-wrap elementor-element-populated\">\n\t\t\t\t\t\t<div class=\"elementor-element elementor-element-6a549d3 elementor-widget-divider--view-line ob-has-background-overlay elementor-widget elementor-widget-divider\" data-id=\"6a549d3\" data-element_type=\"widget\" data-e-type=\"widget\" data-settings=\"{&quot;_ob_perspektive_use&quot;:&quot;no&quot;,&quot;_ob_poopart_use&quot;:&quot;yes&quot;,&quot;_ob_shadough_use&quot;:&quot;no&quot;,&quot;_ob_allow_hoveranimator&quot;:&quot;no&quot;,&quot;_ob_widget_stalker_use&quot;:&quot;no&quot;}\" data-widget_type=\"divider.default\">\n\t\t\t\t<div class=\"elementor-widget-container\">\n\t\t\t\t\t\t\t<div class=\"elementor-divider\">\n\t\t\t<span class=\"elementor-divider-separator\">\n\t\t\t\t\t\t<\/span>\n\t\t<\/div>\n\t\t\t\t\t\t<\/div>\n\t\t\t\t<\/div>\n\t\t\t\t\t<\/div>\n\t\t<\/div>\n\t\t\t\t\t<\/div>\n\t\t<\/section>\n\t\t\t\t<section class=\"ob-is-breaking-bad elementor-section elementor-top-section elementor-element elementor-element-c9013a9 elementor-section-boxed elementor-section-height-default elementor-section-height-default\" data-id=\"c9013a9\" data-element_type=\"section\" data-e-type=\"section\" data-settings=\"{&quot;_ob_bbad_use_it&quot;:&quot;yes&quot;,&quot;_ob_bbad_sssic_use&quot;:&quot;no&quot;,&quot;_ob_glider_is_slider&quot;:&quot;no&quot;}\">\n\t\t\t\t\t\t<div class=\"elementor-container elementor-column-gap-default\">\n\t\t\t\t\t<div class=\"elementor-column elementor-col-100 elementor-top-column elementor-element elementor-element-2965693\" data-id=\"2965693\" data-element_type=\"column\" data-e-type=\"column\" data-settings=\"{&quot;_ob_bbad_is_stalker&quot;:&quot;no&quot;,&quot;_ob_teleporter_use&quot;:false,&quot;_ob_column_hoveranimator&quot;:&quot;no&quot;,&quot;_ob_column_has_pseudo&quot;:&quot;no&quot;}\">\n\t\t\t<div class=\"elementor-widget-wrap elementor-element-populated\">\n\t\t\t\t\t\t<div class=\"elementor-element elementor-element-1aaa2a0 ob-has-background-overlay elementor-widget elementor-widget-spacer\" data-id=\"1aaa2a0\" data-element_type=\"widget\" data-e-type=\"widget\" data-settings=\"{&quot;_ob_spacerat_use&quot;:&quot;no&quot;,&quot;_ob_perspektive_use&quot;:&quot;no&quot;,&quot;_ob_poopart_use&quot;:&quot;yes&quot;,&quot;_ob_shadough_use&quot;:&quot;no&quot;,&quot;_ob_allow_hoveranimator&quot;:&quot;no&quot;,&quot;_ob_widget_stalker_use&quot;:&quot;no&quot;}\" data-widget_type=\"spacer.default\">\n\t\t\t\t<div class=\"elementor-widget-container\">\n\t\t\t\t\t\t\t<div class=\"elementor-spacer\">\n\t\t\t<div class=\"elementor-spacer-inner\"><\/div>\n\t\t<\/div>\n\t\t\t\t\t\t<\/div>\n\t\t\t\t<\/div>\n\t\t\t\t<div class=\"elementor-element elementor-element-f09359d elementor-grid-3 elementor-grid-tablet-2 elementor-grid-mobile-1 elementor-posts--thumbnail-top ob-has-background-overlay elementor-widget elementor-widget-posts\" data-id=\"f09359d\" data-element_type=\"widget\" data-e-type=\"widget\" data-settings=\"{&quot;classic_columns&quot;:&quot;3&quot;,&quot;classic_columns_tablet&quot;:&quot;2&quot;,&quot;classic_columns_mobile&quot;:&quot;1&quot;,&quot;classic_row_gap&quot;:{&quot;unit&quot;:&quot;px&quot;,&quot;size&quot;:35,&quot;sizes&quot;:[]},&quot;classic_row_gap_tablet&quot;:{&quot;unit&quot;:&quot;px&quot;,&quot;size&quot;:&quot;&quot;,&quot;sizes&quot;:[]},&quot;classic_row_gap_mobile&quot;:{&quot;unit&quot;:&quot;px&quot;,&quot;size&quot;:&quot;&quot;,&quot;sizes&quot;:[]},&quot;_ob_perspektive_use&quot;:&quot;no&quot;,&quot;_ob_poopart_use&quot;:&quot;yes&quot;,&quot;_ob_shadough_use&quot;:&quot;no&quot;,&quot;_ob_allow_hoveranimator&quot;:&quot;no&quot;,&quot;_ob_widget_stalker_use&quot;:&quot;no&quot;}\" data-widget_type=\"posts.classic\">\n\t\t\t\t<div class=\"elementor-widget-container\">\n\t\t\t\t\t\t\t<div class=\"elementor-posts-container elementor-posts elementor-posts--skin-classic elementor-grid\" role=\"list\">\n\t\t\t\t<article class=\"elementor-post elementor-grid-item post-2455 post type-post status-publish format-standard has-post-thumbnail hentry category-day-boarding-schools\" role=\"listitem\">\n\t\t\t\t<a class=\"elementor-post__thumbnail__link\" href=\"https:\/\/edelweiss-education.ch\/fr\/visa-and-immigration-for-international-students\/\" tabindex=\"-1\" >\n\t\t\t<div class=\"elementor-post__thumbnail\"><img loading=\"lazy\" decoding=\"async\" width=\"300\" height=\"216\" src=\"https:\/\/edelweiss-education.ch\/wp-content\/uploads\/2022\/09\/visa-approved-300x216.jpg\" class=\"attachment-medium size-medium wp-image-2481\" alt=\"\" srcset=\"https:\/\/edelweiss-education.ch\/wp-content\/uploads\/2022\/09\/visa-approved-300x216.jpg 300w, https:\/\/edelweiss-education.ch\/wp-content\/uploads\/2022\/09\/visa-approved-18x12.jpg 18w, https:\/\/edelweiss-education.ch\/wp-content\/uploads\/2022\/09\/visa-approved.jpg 612w\" sizes=\"(max-width: 300px) 100vw, 300px\" \/><\/div>\n\t\t<\/a>\n\t\t\t\t<div class=\"elementor-post__text\">\n\t\t\t\t<h3 class=\"elementor-post__title\">\n\t\t\t<a href=\"https:\/\/edelweiss-education.ch\/fr\/visa-and-immigration-for-international-students\/\" >\n\t\t\t\tVisa et immigration pour les \u00e9tudiants \u00e9trangers\t\t\t<\/a>\n\t\t<\/h3>\n\t\t\t\t<div class=\"elementor-post__meta-data\">\n\t\t\t\t\t<span class=\"elementor-post-date\">\n\t\t\t12 septembre 2023\t\t<\/span>\n\t\t\t\t<\/div>\n\t\t\n\t\t<a class=\"elementor-post__read-more\" href=\"https:\/\/edelweiss-education.ch\/fr\/visa-and-immigration-for-international-students\/\" aria-label=\"En savoir plus sur Visa et immigration pour les \u00e9tudiants internationaux\" tabindex=\"-1\" >\n\t\t\tLire plus \"\t\t<\/a>\n\n\t\t\t\t<\/div>\n\t\t\t\t<\/article>\n\t\t\t\t<article class=\"elementor-post elementor-grid-item post-975 post type-post status-publish format-standard has-post-thumbnail hentry category-day-boarding-schools\" role=\"listitem\">\n\t\t\t\t<a class=\"elementor-post__thumbnail__link\" href=\"https:\/\/edelweiss-education.ch\/fr\/cost-of-living-and-budgeting-in-switzerland\/\" tabindex=\"-1\" >\n\t\t\t<div class=\"elementor-post__thumbnail\"><img loading=\"lazy\" decoding=\"async\" width=\"300\" height=\"200\" src=\"https:\/\/edelweiss-education.ch\/wp-content\/uploads\/2022\/09\/budgeting-300x200.jpg\" class=\"attachment-medium size-medium wp-image-2546\" alt=\"\" srcset=\"https:\/\/edelweiss-education.ch\/wp-content\/uploads\/2022\/09\/budgeting-300x200.jpg 300w, https:\/\/edelweiss-education.ch\/wp-content\/uploads\/2022\/09\/budgeting-768x511.jpg 768w, https:\/\/edelweiss-education.ch\/wp-content\/uploads\/2022\/09\/budgeting-18x12.jpg 18w, https:\/\/edelweiss-education.ch\/wp-content\/uploads\/2022\/09\/budgeting.jpg 898w\" sizes=\"(max-width: 300px) 100vw, 300px\" \/><\/div>\n\t\t<\/a>\n\t\t\t\t<div class=\"elementor-post__text\">\n\t\t\t\t<h3 class=\"elementor-post__title\">\n\t\t\t<a href=\"https:\/\/edelweiss-education.ch\/fr\/cost-of-living-and-budgeting-in-switzerland\/\" >\n\t\t\t\tCo\u00fbt de la vie et budget\t\t\t<\/a>\n\t\t<\/h3>\n\t\t\t\t<div class=\"elementor-post__meta-data\">\n\t\t\t\t\t<span class=\"elementor-post-date\">\n\t\t\t12 septembre 2023\t\t<\/span>\n\t\t\t\t<\/div>\n\t\t\n\t\t<a class=\"elementor-post__read-more\" href=\"https:\/\/edelweiss-education.ch\/fr\/cost-of-living-and-budgeting-in-switzerland\/\" aria-label=\"En savoir plus sur Co\u00fbt de la vie et budget\" tabindex=\"-1\" >\n\t\t\tLire plus \"\t\t<\/a>\n\n\t\t\t\t<\/div>\n\t\t\t\t<\/article>\n\t\t\t\t<article class=\"elementor-post elementor-grid-item post-973 post type-post status-publish format-standard has-post-thumbnail hentry category-day-boarding-schools\" role=\"listitem\">\n\t\t\t\t<a class=\"elementor-post__thumbnail__link\" href=\"https:\/\/edelweiss-education.ch\/fr\/student-life-in-switzerland\/\" tabindex=\"-1\" >\n\t\t\t<div class=\"elementor-post__thumbnail\"><img loading=\"lazy\" decoding=\"async\" width=\"300\" height=\"200\" src=\"https:\/\/edelweiss-education.ch\/wp-content\/uploads\/2022\/09\/IMG_9896-300x200.jpg\" class=\"attachment-medium size-medium wp-image-2541\" alt=\"\" srcset=\"https:\/\/edelweiss-education.ch\/wp-content\/uploads\/2022\/09\/IMG_9896-300x200.jpg 300w, https:\/\/edelweiss-education.ch\/wp-content\/uploads\/2022\/09\/IMG_9896-1024x683.jpg 1024w, https:\/\/edelweiss-education.ch\/wp-content\/uploads\/2022\/09\/IMG_9896-768x512.jpg 768w, https:\/\/edelweiss-education.ch\/wp-content\/uploads\/2022\/09\/IMG_9896-1536x1024.jpg 1536w, https:\/\/edelweiss-education.ch\/wp-content\/uploads\/2022\/09\/IMG_9896-2048x1365.jpg 2048w, https:\/\/edelweiss-education.ch\/wp-content\/uploads\/2022\/09\/IMG_9896-18x12.jpg 18w\" sizes=\"(max-width: 300px) 100vw, 300px\" \/><\/div>\n\t\t<\/a>\n\t\t\t\t<div class=\"elementor-post__text\">\n\t\t\t\t<h3 class=\"elementor-post__title\">\n\t\t\t<a href=\"https:\/\/edelweiss-education.ch\/fr\/student-life-in-switzerland\/\" >\n\t\t\t\tLa vie \u00e9tudiante en Suisse\t\t\t<\/a>\n\t\t<\/h3>\n\t\t\t\t<div class=\"elementor-post__meta-data\">\n\t\t\t\t\t<span class=\"elementor-post-date\">\n\t\t\t12 septembre 2023\t\t<\/span>\n\t\t\t\t<\/div>\n\t\t\n\t\t<a class=\"elementor-post__read-more\" href=\"https:\/\/edelweiss-education.ch\/fr\/student-life-in-switzerland\/\" aria-label=\"En savoir plus sur La vie \u00e9tudiante en Suisse\" tabindex=\"-1\" >\n\t\t\tLire plus \"\t\t<\/a>\n\n\t\t\t\t<\/div>\n\t\t\t\t<\/article>\n\t\t\t\t<article class=\"elementor-post elementor-grid-item post-971 post type-post status-publish format-standard has-post-thumbnail hentry category-day-boarding-schools category-winter-camps\" role=\"listitem\">\n\t\t\t\t<a class=\"elementor-post__thumbnail__link\" href=\"https:\/\/edelweiss-education.ch\/fr\/why-choose-switzerland-as-a-study-destination\/\" tabindex=\"-1\" >\n\t\t\t<div class=\"elementor-post__thumbnail\"><img loading=\"lazy\" decoding=\"async\" width=\"300\" height=\"200\" src=\"https:\/\/edelweiss-education.ch\/wp-content\/uploads\/2023\/09\/8iypumbarzo-300x200.jpg\" class=\"attachment-medium size-medium wp-image-2594\" alt=\"une grande roue \u00e0 c\u00f4t\u00e9 d&#039;une statue\" srcset=\"https:\/\/edelweiss-education.ch\/wp-content\/uploads\/2023\/09\/8iypumbarzo-300x200.jpg 300w, https:\/\/edelweiss-education.ch\/wp-content\/uploads\/2023\/09\/8iypumbarzo-1024x683.jpg 1024w, https:\/\/edelweiss-education.ch\/wp-content\/uploads\/2023\/09\/8iypumbarzo-768x512.jpg 768w, https:\/\/edelweiss-education.ch\/wp-content\/uploads\/2023\/09\/8iypumbarzo-1536x1024.jpg 1536w, https:\/\/edelweiss-education.ch\/wp-content\/uploads\/2023\/09\/8iypumbarzo-18x12.jpg 18w, https:\/\/edelweiss-education.ch\/wp-content\/uploads\/2023\/09\/8iypumbarzo.jpg 1600w\" sizes=\"(max-width: 300px) 100vw, 300px\" \/><\/div>\n\t\t<\/a>\n\t\t\t\t<div class=\"elementor-post__text\">\n\t\t\t\t<h3 class=\"elementor-post__title\">\n\t\t\t<a href=\"https:\/\/edelweiss-education.ch\/fr\/why-choose-switzerland-as-a-study-destination\/\" >\n\t\t\t\tPourquoi choisir la Suisse pour votre formation ?\t\t\t<\/a>\n\t\t<\/h3>\n\t\t\t\t<div class=\"elementor-post__meta-data\">\n\t\t\t\t\t<span class=\"elementor-post-date\">\n\t\t\t12 septembre 2023\t\t<\/span>\n\t\t\t\t<\/div>\n\t\t\n\t\t<a class=\"elementor-post__read-more\" href=\"https:\/\/edelweiss-education.ch\/fr\/why-choose-switzerland-as-a-study-destination\/\" aria-label=\"En savoir plus sur Pourquoi choisir la Suisse pour votre formation ?\" tabindex=\"-1\" >\n\t\t\tLire plus \"\t\t<\/a>\n\n\t\t\t\t<\/div>\n\t\t\t\t<\/article>\n\t\t\t\t<article class=\"elementor-post elementor-grid-item post-969 post type-post status-publish format-standard has-post-thumbnail hentry category-day-boarding-schools\" role=\"listitem\">\n\t\t\t\t<a class=\"elementor-post__thumbnail__link\" href=\"https:\/\/edelweiss-education.ch\/fr\/test-preparation-resources-for-international-students\/\" tabindex=\"-1\" >\n\t\t\t<div class=\"elementor-post__thumbnail\"><img loading=\"lazy\" decoding=\"async\" width=\"300\" height=\"200\" src=\"https:\/\/edelweiss-education.ch\/wp-content\/uploads\/2022\/09\/ASG_3018-300x200.jpg\" class=\"attachment-medium size-medium wp-image-2592\" alt=\"\" srcset=\"https:\/\/edelweiss-education.ch\/wp-content\/uploads\/2022\/09\/ASG_3018-300x200.jpg 300w, https:\/\/edelweiss-education.ch\/wp-content\/uploads\/2022\/09\/ASG_3018-1024x683.jpg 1024w, https:\/\/edelweiss-education.ch\/wp-content\/uploads\/2022\/09\/ASG_3018-768x512.jpg 768w, https:\/\/edelweiss-education.ch\/wp-content\/uploads\/2022\/09\/ASG_3018-1536x1024.jpg 1536w, https:\/\/edelweiss-education.ch\/wp-content\/uploads\/2022\/09\/ASG_3018-2048x1365.jpg 2048w, https:\/\/edelweiss-education.ch\/wp-content\/uploads\/2022\/09\/ASG_3018-18x12.jpg 18w\" sizes=\"(max-width: 300px) 100vw, 300px\" \/><\/div>\n\t\t<\/a>\n\t\t\t\t<div class=\"elementor-post__text\">\n\t\t\t\t<h3 class=\"elementor-post__title\">\n\t\t\t<a href=\"https:\/\/edelweiss-education.ch\/fr\/test-preparation-resources-for-international-students\/\" >\n\t\t\t\tRessources de pr\u00e9paration aux tests pour les \u00e9tudiants \u00e9trangers\t\t\t<\/a>\n\t\t<\/h3>\n\t\t\t\t<div class=\"elementor-post__meta-data\">\n\t\t\t\t\t<span class=\"elementor-post-date\">\n\t\t\t12 septembre 2023\t\t<\/span>\n\t\t\t\t<\/div>\n\t\t\n\t\t<a class=\"elementor-post__read-more\" href=\"https:\/\/edelweiss-education.ch\/fr\/test-preparation-resources-for-international-students\/\" aria-label=\"En savoir plus sur Ressources de pr\u00e9paration aux tests pour les \u00e9tudiants \u00e9trangers\" tabindex=\"-1\" >\n\t\t\tLire plus \"\t\t<\/a>\n\n\t\t\t\t<\/div>\n\t\t\t\t<\/article>\n\t\t\t\t<article class=\"elementor-post elementor-grid-item post-964 post type-post status-publish format-standard has-post-thumbnail hentry category-day-boarding-schools\" role=\"listitem\">\n\t\t\t\t<a class=\"elementor-post__thumbnail__link\" href=\"https:\/\/edelweiss-education.ch\/fr\/international-student-services-in-switzerland\/\" tabindex=\"-1\" >\n\t\t\t<div class=\"elementor-post__thumbnail\"><img loading=\"lazy\" decoding=\"async\" width=\"240\" height=\"300\" src=\"https:\/\/edelweiss-education.ch\/wp-content\/uploads\/2023\/09\/lyikexa4zqa-240x300.jpg\" class=\"attachment-medium size-medium wp-image-2622\" alt=\"vue des mains de deux personnes\" srcset=\"https:\/\/edelweiss-education.ch\/wp-content\/uploads\/2023\/09\/lyikexa4zqa-240x300.jpg 240w, https:\/\/edelweiss-education.ch\/wp-content\/uploads\/2023\/09\/lyikexa4zqa-819x1024.jpg 819w, https:\/\/edelweiss-education.ch\/wp-content\/uploads\/2023\/09\/lyikexa4zqa-768x960.jpg 768w, https:\/\/edelweiss-education.ch\/wp-content\/uploads\/2023\/09\/lyikexa4zqa-10x12.jpg 10w, https:\/\/edelweiss-education.ch\/wp-content\/uploads\/2023\/09\/lyikexa4zqa.jpg 960w\" sizes=\"(max-width: 240px) 100vw, 240px\" \/><\/div>\n\t\t<\/a>\n\t\t\t\t<div class=\"elementor-post__text\">\n\t\t\t\t<h3 class=\"elementor-post__title\">\n\t\t\t<a href=\"https:\/\/edelweiss-education.ch\/fr\/international-student-services-in-switzerland\/\" >\n\t\t\t\tServices aux \u00e9tudiants \u00e9trangers en Suisse\t\t\t<\/a>\n\t\t<\/h3>\n\t\t\t\t<div class=\"elementor-post__meta-data\">\n\t\t\t\t\t<span class=\"elementor-post-date\">\n\t\t\t12 septembre 2023\t\t<\/span>\n\t\t\t\t<\/div>\n\t\t\n\t\t<a class=\"elementor-post__read-more\" href=\"https:\/\/edelweiss-education.ch\/fr\/international-student-services-in-switzerland\/\" aria-label=\"En savoir plus sur Services aux \u00e9tudiants \u00e9trangers en Suisse\" tabindex=\"-1\" >\n\t\t\tLire plus \"\t\t<\/a>\n\n\t\t\t\t<\/div>\n\t\t\t\t<\/article>\n\t\t\t\t<\/div>\n\t\t\n\t\t\t\t\t\t<\/div>\n\t\t\t\t<\/div>\n\t\t\t\t\t<\/div>\n\t\t<\/div>\n\t\t\t\t\t<\/div>\n\t\t<\/section>\n\t\t\t\t<\/div>","protected":false},"excerpt":{"rendered":"<p>Vie \u00e9tudiante<\/p>","protected":false},"author":1,"featured_media":2541,"comment_status":"closed","ping_status":"open","sticky":false,"template":"elementor_header_footer","format":"standard","meta":{"site-sidebar-layout":"default","site-content-layout":"","ast-site-content-layout":"default","site-content-style":"default","site-sidebar-style":"default","ast-global-header-display":"","ast-banner-title-visibility":"","ast-main-header-display":"","ast-hfb-above-header-display":"","ast-hfb-below-header-display":"","ast-hfb-mobile-header-display":"","site-post-title":"","ast-breadcrumbs-content":"","ast-featured-img":"","footer-sml-layout":"","ast-disable-related-posts":"","theme-transparent-header-meta":"","adv-header-id-meta":"","stick-header-meta":"","header-above-stick-meta":"","header-main-stick-meta":"","header-below-stick-meta":"","astra-migrate-meta-layouts":"default","ast-page-background-enabled":"default","ast-page-background-meta":{"desktop":{"background-color":"var(--ast-global-color-4)","background-image":"","background-repeat":"repeat","background-position":"center center","background-size":"auto","background-attachment":"scroll","background-type":"","background-media":"","overlay-type":"","overlay-color":"","overlay-opacity":"","overlay-gradient":""},"tablet":{"background-color":"","background-image":"","background-repeat":"repeat","background-position":"center center","background-size":"auto","background-attachment":"scroll","background-type":"","background-media":"","overlay-type":"","overlay-color":"","overlay-opacity":"","overlay-gradient":""},"mobile":{"background-color":"","background-image":"","background-repeat":"repeat","background-position":"center center","background-size":"auto","background-attachment":"scroll","background-type":"","background-media":"","overlay-type":"","overlay-color":"","overlay-opacity":"","overlay-gradient":""}},"ast-content-background-meta":{"desktop":{"background-color":"var(--ast-global-color-5)","background-image":"","background-repeat":"repeat","background-position":"center center","background-size":"auto","background-attachment":"scroll","background-type":"","background-media":"","overlay-type":"","overlay-color":"","overlay-opacity":"","overlay-gradient":""},"tablet":{"background-color":"var(--ast-global-color-5)","background-image":"","background-repeat":"repeat","background-position":"center center","background-size":"auto","background-attachment":"scroll","background-type":"","background-media":"","overlay-type":"","overlay-color":"","overlay-opacity":"","overlay-gradient":""},"mobile":{"background-color":"var(--ast-global-color-5)","background-image":"","background-repeat":"repeat","background-position":"center center","background-size":"auto","background-attachment":"scroll","background-type":"","background-media":"","overlay-type":"","overlay-color":"","overlay-opacity":"","overlay-gradient":""}},"footnotes":""},"categories":[211],"tags":[],"class_list":["post-973","post","type-post","status-publish","format-standard","has-post-thumbnail","hentry","category-day-boarding-schools"],"yoast_head":"<!-- This site is optimized with the Yoast SEO plugin v27.5 - https:\/\/yoast.com\/product\/yoast-seo-wordpress\/ -->\n<title>Student Life in Switzerland - student life in Switzerland<\/title>\n<meta name=\"robots\" content=\"index, follow, max-snippet:-1, max-image-preview:large, max-video-preview:-1\" \/>\n<link rel=\"canonical\" href=\"https:\/\/edelweiss-education.ch\/fr\/wp-json\/wp\/v2\/posts\/973\" \/>\n<meta property=\"og:locale\" content=\"fr_FR\" \/>\n<meta property=\"og:type\" content=\"article\" \/>\n<meta property=\"og:title\" content=\"Student Life in Switzerland - student life in Switzerland\" \/>\n<meta property=\"og:description\" content=\"Student Life\" \/>\n<meta property=\"og:url\" content=\"https:\/\/edelweiss-education.ch\/fr\/la-vie-etudiante-en-suisse\/\" \/>\n<meta property=\"og:site_name\" content=\"Edelweiss Education\" \/>\n<meta property=\"article:published_time\" content=\"2022-09-03T07:15:29+00:00\" \/>\n<meta property=\"article:modified_time\" content=\"2023-09-12T08:47:26+00:00\" \/>\n<meta property=\"og:image\" content=\"https:\/\/edelweiss-education.ch\/wp-content\/uploads\/2022\/09\/IMG_9896-scaled.jpg\" \/>\n\t<meta property=\"og:image:width\" content=\"2560\" \/>\n\t<meta property=\"og:image:height\" content=\"1707\" \/>\n\t<meta property=\"og:image:type\" content=\"image\/jpeg\" \/>\n<meta name=\"author\" content=\"admin\" \/>\n<meta name=\"twitter:card\" content=\"summary_large_image\" \/>\n<meta name=\"twitter:label1\" content=\"\u00c9crit par\" \/>\n\t<meta name=\"twitter:data1\" content=\"admin\" \/>\n\t<meta name=\"twitter:label2\" content=\"Dur\u00e9e de lecture estim\u00e9e\" \/>\n\t<meta name=\"twitter:data2\" content=\"7 minutes\" \/>\n<script type=\"application\/ld+json\" class=\"yoast-schema-graph\">{\"@context\":\"https:\\\/\\\/schema.org\",\"@graph\":[{\"@type\":\"Article\",\"@id\":\"https:\\\/\\\/edelweiss-education.ch\\\/student-life-in-switzerland\\\/#article\",\"isPartOf\":{\"@id\":\"https:\\\/\\\/edelweiss-education.ch\\\/student-life-in-switzerland\\\/\"},\"author\":{\"name\":\"admin\",\"@id\":\"https:\\\/\\\/edelweiss-education.ch\\\/de\\\/#\\\/schema\\\/person\\\/6339d3a73f843e2bb5da7463a6496e7b\"},\"headline\":\"Student Life in Switzerland\",\"datePublished\":\"2022-09-03T07:15:29+00:00\",\"dateModified\":\"2023-09-12T08:47:26+00:00\",\"mainEntityOfPage\":{\"@id\":\"https:\\\/\\\/edelweiss-education.ch\\\/student-life-in-switzerland\\\/\"},\"wordCount\":637,\"publisher\":{\"@id\":\"https:\\\/\\\/edelweiss-education.ch\\\/de\\\/#organization\"},\"image\":{\"@id\":\"https:\\\/\\\/edelweiss-education.ch\\\/student-life-in-switzerland\\\/#primaryimage\"},\"thumbnailUrl\":\"https:\\\/\\\/edelweiss-education.ch\\\/wp-content\\\/uploads\\\/2022\\\/09\\\/IMG_9896-scaled.jpg\",\"articleSection\":[\"Day &amp; Boarding Schools\"],\"inLanguage\":\"fr-FR\"},{\"@type\":\"WebPage\",\"@id\":\"https:\\\/\\\/edelweiss-education.ch\\\/student-life-in-switzerland\\\/\",\"url\":\"https:\\\/\\\/edelweiss-education.ch\\\/student-life-in-switzerland\\\/\",\"name\":\"Student Life in Switzerland - student life in Switzerland\",\"isPartOf\":{\"@id\":\"https:\\\/\\\/edelweiss-education.ch\\\/de\\\/#website\"},\"primaryImageOfPage\":{\"@id\":\"https:\\\/\\\/edelweiss-education.ch\\\/student-life-in-switzerland\\\/#primaryimage\"},\"image\":{\"@id\":\"https:\\\/\\\/edelweiss-education.ch\\\/student-life-in-switzerland\\\/#primaryimage\"},\"thumbnailUrl\":\"https:\\\/\\\/edelweiss-education.ch\\\/wp-content\\\/uploads\\\/2022\\\/09\\\/IMG_9896-scaled.jpg\",\"datePublished\":\"2022-09-03T07:15:29+00:00\",\"dateModified\":\"2023-09-12T08:47:26+00:00\",\"breadcrumb\":{\"@id\":\"https:\\\/\\\/edelweiss-education.ch\\\/student-life-in-switzerland\\\/#breadcrumb\"},\"inLanguage\":\"fr-FR\",\"potentialAction\":[{\"@type\":\"ReadAction\",\"target\":[\"https:\\\/\\\/edelweiss-education.ch\\\/student-life-in-switzerland\\\/\"]}]},{\"@type\":\"ImageObject\",\"inLanguage\":\"fr-FR\",\"@id\":\"https:\\\/\\\/edelweiss-education.ch\\\/student-life-in-switzerland\\\/#primaryimage\",\"url\":\"https:\\\/\\\/edelweiss-education.ch\\\/wp-content\\\/uploads\\\/2022\\\/09\\\/IMG_9896-scaled.jpg\",\"contentUrl\":\"https:\\\/\\\/edelweiss-education.ch\\\/wp-content\\\/uploads\\\/2022\\\/09\\\/IMG_9896-scaled.jpg\",\"width\":2560,\"height\":1707,\"caption\":\"Coll\u00e8ge et Lyc\u00e9e Saint-Charles\"},{\"@type\":\"BreadcrumbList\",\"@id\":\"https:\\\/\\\/edelweiss-education.ch\\\/student-life-in-switzerland\\\/#breadcrumb\",\"itemListElement\":[{\"@type\":\"ListItem\",\"position\":1,\"name\":\"Home\",\"item\":\"https:\\\/\\\/edelweiss-education.ch\\\/\"},{\"@type\":\"ListItem\",\"position\":2,\"name\":\"Student Life in Switzerland\"}]},{\"@type\":\"WebSite\",\"@id\":\"https:\\\/\\\/edelweiss-education.ch\\\/de\\\/#website\",\"url\":\"https:\\\/\\\/edelweiss-education.ch\\\/de\\\/\",\"name\":\"Edelweiss Education\",\"description\":\"Switzerland best schools\",\"publisher\":{\"@id\":\"https:\\\/\\\/edelweiss-education.ch\\\/de\\\/#organization\"},\"potentialAction\":[{\"@type\":\"SearchAction\",\"target\":{\"@type\":\"EntryPoint\",\"urlTemplate\":\"https:\\\/\\\/edelweiss-education.ch\\\/de\\\/?s={search_term_string}\"},\"query-input\":{\"@type\":\"PropertyValueSpecification\",\"valueRequired\":true,\"valueName\":\"search_term_string\"}}],\"inLanguage\":\"fr-FR\"},{\"@type\":\"Organization\",\"@id\":\"https:\\\/\\\/edelweiss-education.ch\\\/de\\\/#organization\",\"name\":\"Edelweiss Education\",\"url\":\"https:\\\/\\\/edelweiss-education.ch\\\/de\\\/\",\"logo\":{\"@type\":\"ImageObject\",\"inLanguage\":\"fr-FR\",\"@id\":\"https:\\\/\\\/edelweiss-education.ch\\\/de\\\/#\\\/schema\\\/logo\\\/image\\\/\",\"url\":\"https:\\\/\\\/edelweiss-education.ch\\\/wp-content\\\/uploads\\\/2023\\\/11\\\/cropped-logo-removebg-preview.png\",\"contentUrl\":\"https:\\\/\\\/edelweiss-education.ch\\\/wp-content\\\/uploads\\\/2023\\\/11\\\/cropped-logo-removebg-preview.png\",\"width\":500,\"height\":276,\"caption\":\"Edelweiss Education\"},\"image\":{\"@id\":\"https:\\\/\\\/edelweiss-education.ch\\\/de\\\/#\\\/schema\\\/logo\\\/image\\\/\"}},{\"@type\":\"Person\",\"@id\":\"https:\\\/\\\/edelweiss-education.ch\\\/de\\\/#\\\/schema\\\/person\\\/6339d3a73f843e2bb5da7463a6496e7b\",\"name\":\"admin\",\"image\":{\"@type\":\"ImageObject\",\"inLanguage\":\"fr-FR\",\"@id\":\"https:\\\/\\\/secure.gravatar.com\\\/avatar\\\/0fe323859f18731575cc1727306a418c1c06adb036da08a42ad58ee43321377e?s=96&d=mylisting_user_initials&r=g\",\"url\":\"https:\\\/\\\/secure.gravatar.com\\\/avatar\\\/0fe323859f18731575cc1727306a418c1c06adb036da08a42ad58ee43321377e?s=96&d=mylisting_user_initials&r=g\",\"contentUrl\":\"https:\\\/\\\/secure.gravatar.com\\\/avatar\\\/0fe323859f18731575cc1727306a418c1c06adb036da08a42ad58ee43321377e?s=96&d=mylisting_user_initials&r=g\",\"caption\":\"admin\"},\"sameAs\":[\"https:\\\/\\\/edelweiss-education.ch\"],\"url\":\"https:\\\/\\\/edelweiss-education.ch\\\/fr\\\/author\\\/admin\\\/\"}]}<\/script>\n<!-- \/ Yoast SEO plugin. -->","yoast_head_json":{"title":"La vie \u00e9tudiante en Suisse - la vie \u00e9tudiante en Suisse","robots":{"index":"index","follow":"follow","max-snippet":"max-snippet:-1","max-image-preview":"max-image-preview:large","max-video-preview":"max-video-preview:-1"},"canonical":"https:\/\/edelweiss-education.ch\/fr\/wp-json\/wp\/v2\/posts\/973","og_locale":"fr_FR","og_type":"article","og_title":"Student Life in Switzerland - student life in Switzerland","og_description":"Student Life","og_url":"https:\/\/edelweiss-education.ch\/fr\/la-vie-etudiante-en-suisse\/","og_site_name":"Edelweiss Education","article_published_time":"2022-09-03T07:15:29+00:00","article_modified_time":"2023-09-12T08:47:26+00:00","og_image":[{"width":2560,"height":1707,"url":"https:\/\/edelweiss-education.ch\/wp-content\/uploads\/2022\/09\/IMG_9896-scaled.jpg","type":"image\/jpeg"}],"author":"admin","twitter_card":"summary_large_image","twitter_misc":{"\u00c9crit par":"admin","Dur\u00e9e de lecture estim\u00e9e":"7 minutes"},"schema":{"@context":"https:\/\/schema.org","@graph":[{"@type":"Article","@id":"https:\/\/edelweiss-education.ch\/student-life-in-switzerland\/#article","isPartOf":{"@id":"https:\/\/edelweiss-education.ch\/student-life-in-switzerland\/"},"author":{"name":"admin","@id":"https:\/\/edelweiss-education.ch\/de\/#\/schema\/person\/6339d3a73f843e2bb5da7463a6496e7b"},"headline":"Student Life in Switzerland","datePublished":"2022-09-03T07:15:29+00:00","dateModified":"2023-09-12T08:47:26+00:00","mainEntityOfPage":{"@id":"https:\/\/edelweiss-education.ch\/student-life-in-switzerland\/"},"wordCount":637,"publisher":{"@id":"https:\/\/edelweiss-education.ch\/de\/#organization"},"image":{"@id":"https:\/\/edelweiss-education.ch\/student-life-in-switzerland\/#primaryimage"},"thumbnailUrl":"https:\/\/edelweiss-education.ch\/wp-content\/uploads\/2022\/09\/IMG_9896-scaled.jpg","articleSection":["Day &amp; Boarding Schools"],"inLanguage":"fr-FR"},{"@type":"WebPage","@id":"https:\/\/edelweiss-education.ch\/student-life-in-switzerland\/","url":"https:\/\/edelweiss-education.ch\/student-life-in-switzerland\/","name":"La vie \u00e9tudiante en Suisse - la vie \u00e9tudiante en Suisse","isPartOf":{"@id":"https:\/\/edelweiss-education.ch\/de\/#website"},"primaryImageOfPage":{"@id":"https:\/\/edelweiss-education.ch\/student-life-in-switzerland\/#primaryimage"},"image":{"@id":"https:\/\/edelweiss-education.ch\/student-life-in-switzerland\/#primaryimage"},"thumbnailUrl":"https:\/\/edelweiss-education.ch\/wp-content\/uploads\/2022\/09\/IMG_9896-scaled.jpg","datePublished":"2022-09-03T07:15:29+00:00","dateModified":"2023-09-12T08:47:26+00:00","breadcrumb":{"@id":"https:\/\/edelweiss-education.ch\/student-life-in-switzerland\/#breadcrumb"},"inLanguage":"fr-FR","potentialAction":[{"@type":"ReadAction","target":["https:\/\/edelweiss-education.ch\/student-life-in-switzerland\/"]}]},{"@type":"ImageObject","inLanguage":"fr-FR","@id":"https:\/\/edelweiss-education.ch\/student-life-in-switzerland\/#primaryimage","url":"https:\/\/edelweiss-education.ch\/wp-content\/uploads\/2022\/09\/IMG_9896-scaled.jpg","contentUrl":"https:\/\/edelweiss-education.ch\/wp-content\/uploads\/2022\/09\/IMG_9896-scaled.jpg","width":2560,"height":1707,"caption":"Coll\u00e8ge et Lyc\u00e9e Saint-Charles"},{"@type":"BreadcrumbList","@id":"https:\/\/edelweiss-education.ch\/student-life-in-switzerland\/#breadcrumb","itemListElement":[{"@type":"ListItem","position":1,"name":"Home","item":"https:\/\/edelweiss-education.ch\/"},{"@type":"ListItem","position":2,"name":"Student Life in Switzerland"}]},{"@type":"WebSite","@id":"https:\/\/edelweiss-education.ch\/de\/#website","url":"https:\/\/edelweiss-education.ch\/de\/","name":"Edelweiss Education","description":"Les meilleures \u00e9coles de Suisse","publisher":{"@id":"https:\/\/edelweiss-education.ch\/de\/#organization"},"potentialAction":[{"@type":"SearchAction","target":{"@type":"EntryPoint","urlTemplate":"https:\/\/edelweiss-education.ch\/de\/?s={search_term_string}"},"query-input":{"@type":"PropertyValueSpecification","valueRequired":true,"valueName":"search_term_string"}}],"inLanguage":"fr-FR"},{"@type":"Organization","@id":"https:\/\/edelweiss-education.ch\/de\/#organization","name":"Edelweiss Education","url":"https:\/\/edelweiss-education.ch\/de\/","logo":{"@type":"ImageObject","inLanguage":"fr-FR","@id":"https:\/\/edelweiss-education.ch\/de\/#\/schema\/logo\/image\/","url":"https:\/\/edelweiss-education.ch\/wp-content\/uploads\/2023\/11\/cropped-logo-removebg-preview.png","contentUrl":"https:\/\/edelweiss-education.ch\/wp-content\/uploads\/2023\/11\/cropped-logo-removebg-preview.png","width":500,"height":276,"caption":"Edelweiss Education"},"image":{"@id":"https:\/\/edelweiss-education.ch\/de\/#\/schema\/logo\/image\/"}},{"@type":"Person","@id":"https:\/\/edelweiss-education.ch\/de\/#\/schema\/person\/6339d3a73f843e2bb5da7463a6496e7b","name":"admin","image":{"@type":"ImageObject","inLanguage":"fr-FR","@id":"https:\/\/secure.gravatar.com\/avatar\/0fe323859f18731575cc1727306a418c1c06adb036da08a42ad58ee43321377e?s=96&d=mylisting_user_initials&r=g","url":"https:\/\/secure.gravatar.com\/avatar\/0fe323859f18731575cc1727306a418c1c06adb036da08a42ad58ee43321377e?s=96&d=mylisting_user_initials&r=g","contentUrl":"https:\/\/secure.gravatar.com\/avatar\/0fe323859f18731575cc1727306a418c1c06adb036da08a42ad58ee43321377e?s=96&d=mylisting_user_initials&r=g","caption":"admin"},"sameAs":["https:\/\/edelweiss-education.ch"],"url":"https:\/\/edelweiss-education.ch\/fr\/author\/admin\/"}]}},"_links":{"self":[{"href":"https:\/\/edelweiss-education.ch\/fr\/wp-json\/wp\/v2\/posts\/973","targetHints":{"allow":["GET"]}}],"collection":[{"href":"https:\/\/edelweiss-education.ch\/fr\/wp-json\/wp\/v2\/posts"}],"about":[{"href":"https:\/\/edelweiss-education.ch\/fr\/wp-json\/wp\/v2\/types\/post"}],"author":[{"embeddable":true,"href":"https:\/\/edelweiss-education.ch\/fr\/wp-json\/wp\/v2\/users\/1"}],"replies":[{"embeddable":true,"href":"https:\/\/edelweiss-education.ch\/fr\/wp-json\/wp\/v2\/comments?post=973"}],"version-history":[{"count":19,"href":"https:\/\/edelweiss-education.ch\/fr\/wp-json\/wp\/v2\/posts\/973\/revisions"}],"predecessor-version":[{"id":2723,"href":"https:\/\/edelweiss-education.ch\/fr\/wp-json\/wp\/v2\/posts\/973\/revisions\/2723"}],"wp:featuredmedia":[{"embeddable":true,"href":"https:\/\/edelweiss-education.ch\/fr\/wp-json\/wp\/v2\/media\/2541"}],"wp:attachment":[{"href":"https:\/\/edelweiss-education.ch\/fr\/wp-json\/wp\/v2\/media?parent=973"}],"wp:term":[{"taxonomy":"category","embeddable":true,"href":"https:\/\/edelweiss-education.ch\/fr\/wp-json\/wp\/v2\/categories?post=973"},{"taxonomy":"post_tag","embeddable":true,"href":"https:\/\/edelweiss-education.ch\/fr\/wp-json\/wp\/v2\/tags?post=973"}],"curies":[{"name":"wp","href":"https:\/\/api.w.org\/{rel}","templated":true}]}}